{"id":240801,"date":"2020-05-22T09:59:25","date_gmt":"2020-05-22T12:59:25","guid":{"rendered":"https:\/\/notinor.com\/jujuy\/?p=240801"},"modified":"2020-05-22T09:59:27","modified_gmt":"2020-05-22T12:59:27","slug":"juzgado-de-faltas-reinicio-de-actividades","status":"publish","type":"post","link":"https:\/\/notinor.com\/jujuy\/juzgado-de-faltas-reinicio-de-actividades\/","title":{"rendered":"Juzgado de Faltas: reinicio de actividades"},"content":{"rendered":"\n<p>Por decreto municipal N\u00ba 1386\/20 se habilit\u00f3 las actividades\nen el Juzgado de Faltas de forma parcial, con la finalidad de brindar a los\nciudadanos que hayan recibido un infracci\u00f3n durante el periodo de cuarentena la\nposibilidad de ejercer el derecho de defensa. El horario de atenci\u00f3n es de 8 a\n12.30 y de 13 a 16 hs.<\/p>\n\n\n\n<figure class=\"wp-block-image size-large\"><img decoding=\"async\" loading=\"lazy\" width=\"750\" height=\"477\" src=\"https:\/\/notinor.com\/jujuy\/wp-content\/uploads\/2020\/05\/JUZGADO.jpeg\" alt=\"\" class=\"wp-image-240802\" srcset=\"https:\/\/notinor.com\/jujuy\/wp-content\/uploads\/2020\/05\/JUZGADO.jpeg 750w, https:\/\/notinor.com\/jujuy\/wp-content\/uploads\/2020\/05\/JUZGADO-574x365.jpeg 574w\" sizes=\"(max-width: 750px) 100vw, 750px\" \/><\/figure>\n\n\n\n<p class=\"has-background has-vivid-cyan-blue-background-color\"><strong>Actualmente el Juzgado de Faltas volvi\u00f3 a la actividad para atender todas las actas de infracci\u00f3n posteriores al 18 de marzo del a\u00f1o 2020, fecha en la cual se decret\u00f3 la suspensi\u00f3n de las actividades administrativas y el aislamiento obligatorio.<\/strong><\/p>\n\n\n\n<p>Sobre este tema, el coordinador del Juzgado de Faltas, Luis\nCruz, explic\u00f3 que est\u00e1n trabajando con todo tipo de faltas posteriores al 18 de\nmarzo hasta la fecha, \u201ctodo el juzgado se aboca a la tramitaci\u00f3n de las faltas\nen este periodo y para las causas anteriores, el mismo decreto suspende los\nplazos. Para llevar tranquilidad a los ciudadanos les informamos que no se est\u00e1\nnotificando, ni hay sentencias y no se van a vencer los plazos para los\nrecursos o alguna presentaci\u00f3n mientras rija la suspensi\u00f3n de plazos\ndecretada\u201d. Adem\u00e1s resalt\u00f3, \u201cel turno tarde trabaja con una guardia m\u00ednima ya\nque s\u00f3lo tramita libre deuda para las personas que no tengan actas, para el\nresto de los casos deber\u00e1n asistir por la ma\u00f1ana\u201d.<\/p>\n\n\n\n<p>Desde el Juzgado de Faltas Municipal se inform\u00f3 que, a\ntrav\u00e9s del \u00e1rea administrativa se volvi\u00f3 a emitir el certificado de libre deuda\npor infracciones para las personas que necesiten hacer alg\u00fan tr\u00e1mite espec\u00edfico\nen alguna dependencia municipal, por ejemplo el carnet de conducir,\nhabilitaci\u00f3n comercial o alg\u00fan otro tramite esencial.<\/p>\n\n\n\n<p>\u201cRecomendamos que vengan al juzgado siempre respetando la\nterminaci\u00f3n del DNI, adem\u00e1s para las personas de riesgo pueden mandar a una\ntercera persona con la documentaci\u00f3n necesaria y no es necesario que el tramite\nsea personal\u201d.<\/p>\n\n\n\n<p>Para los interesados en realizar alguna consulta pueden\ncomunicarse al tel\u00e9fono 4020173 o dirigirse a la siguiente direcci\u00f3n 9 de Julio\nesq. Espora (1\u00ba piso) en los horarios de atenci\u00f3n de 8 a 12.30 y de 13 a 16 hs.<\/p>\n","protected":false},"excerpt":{"rendered":"<p>Por decreto municipal N\u00ba 1386\/20 se habilit\u00f3 las actividades en el Juzgado de Faltas de forma parcial, con la finalidad de brindar a los ciudadanos que hayan recibido un infracci\u00f3n durante el periodo de cuarentena la posibilidad de ejercer el derecho de defensa. El horario de atenci\u00f3n es de 8 a 12.30 y de 13 [&hellip;]<\/p>\n","protected":false},"author":5,"featured_media":240802,"comment_status":"open","ping_status":"open","sticky":false,"template":"","format":"standard","meta":{"_stopmodifiedupdate":false,"_modified_date":"","inline_featured_image":false,"spay_email":"","jetpack_publicize_message":"Por decreto municipal N\u00ba 1386\/20 se habilit\u00f3 las actividades en el Juzgado de Faltas de forma parcial, con la finalidad de brindar a los ciudadanos que hayan recibido un infracci\u00f3n durante el periodo de cuarentena la posibilidad de ejercer el derecho de de"},"categories":[514],"tags":[],"jetpack_featured_media_url":"https:\/\/notinor.com\/jujuy\/wp-content\/uploads\/2020\/05\/JUZGADO.jpeg","jetpack_publicize_connections":[],"_links":{"self":[{"href":"https:\/\/notinor.com\/jujuy\/wp-json\/wp\/v2\/posts\/240801"}],"collection":[{"href":"https:\/\/notinor.com\/jujuy\/wp-json\/wp\/v2\/posts"}],"about":[{"href":"https:\/\/notinor.com\/jujuy\/wp-json\/wp\/v2\/types\/post"}],"author":[{"embeddable":true,"href":"https:\/\/notinor.com\/jujuy\/wp-json\/wp\/v2\/users\/5"}],"replies":[{"embeddable":true,"href":"https:\/\/notinor.com\/jujuy\/wp-json\/wp\/v2\/comments?post=240801"}],"version-history":[{"count":1,"href":"https:\/\/notinor.com\/jujuy\/wp-json\/wp\/v2\/posts\/240801\/revisions"}],"predecessor-version":[{"id":240803,"href":"https:\/\/notinor.com\/jujuy\/wp-json\/wp\/v2\/posts\/240801\/revisions\/240803"}],"wp:featuredmedia":[{"embeddable":true,"href":"https:\/\/notinor.com\/jujuy\/wp-json\/wp\/v2\/media\/240802"}],"wp:attachment":[{"href":"https:\/\/notinor.com\/jujuy\/wp-json\/wp\/v2\/media?parent=240801"}],"wp:term":[{"taxonomy":"category","embeddable":true,"href":"https:\/\/notinor.com\/jujuy\/wp-json\/wp\/v2\/categories?post=240801"},{"taxonomy":"post_tag","embeddable":true,"href":"https:\/\/notinor.com\/jujuy\/wp-json\/wp\/v2\/tags?post=240801"}],"curies":[{"name":"wp","href":"https:\/\/api.w.org\/{rel}","templated":true}]}}