{"id":240786,"date":"2020-05-22T09:33:53","date_gmt":"2020-05-22T12:33:53","guid":{"rendered":"https:\/\/notinor.com\/jujuy\/?p=240786"},"modified":"2020-05-22T09:34:00","modified_gmt":"2020-05-22T12:34:00","slug":"lamas-bernardo","status":"publish","type":"post","link":"https:\/\/notinor.com\/jujuy\/lamas-bernardo\/","title":{"rendered":"LAMAS, Bernardo"},"content":{"rendered":"\n<p class=\"has-background has-vivid-cyan-blue-background-color\"><strong>Falleci\u00f3 el d\u00eda  21 de mayo de 20206, a la edad de 74 a\u00f1os. Querido Bernardo, te fuiste para el reino del Se\u00f1or. Con tu triste partida la familia se enluta, descansa en paz. Su esposa: Mar\u00eda Soruco, tus hijos: Juan, Luis, Rodolfo, Orlando, Sebasti\u00e1n, Mar\u00eda, Mirtha y dem\u00e1s familiares y amigos participan con profundo dolor de su fallecimiento, e informan a todas las personas piadosas que sus restos ser\u00e1n inhumados hoy 22 de mayo a hs. 12:00 en el cementerio de la localidad de Purmamarca. Su familia agradece a todas las personas piadosas que acompa\u00f1an en estos momentos de profundo dolor y ruegan elevar una plegaria para el descanso de su alma. Exequias y ceremonial empresa Werchow Servicios Sociales SRL, Independencia N\u00ba 1185. San Salvador de Jujuy. Tel. 4228433. Celular 388-154177373. <\/strong><\/p>\n","protected":false},"excerpt":{"rendered":"<p>Falleci\u00f3 el d\u00eda 21 de mayo de 20206, a la edad de 74 a\u00f1os. Querido Bernardo, te fuiste para el reino del Se\u00f1or. Con tu triste partida la familia se enluta, descansa en paz. Su esposa: Mar\u00eda Soruco, tus hijos: Juan, Luis, Rodolfo, Orlando, Sebasti\u00e1n, Mar\u00eda, Mirtha y dem\u00e1s familiares y amigos participan con profundo [&hellip;]<\/p>\n","protected":false},"author":5,"featured_media":130005,"comment_status":"open","ping_status":"open","sticky":false,"template":"","format":"standard","meta":{"_stopmodifiedupdate":false,"_modified_date":"","inline_featured_image":false,"spay_email":"","jetpack_publicize_message":""},"categories":[523],"tags":[],"jetpack_featured_media_url":"https:\/\/notinor.com\/jujuy\/wp-content\/uploads\/2017\/08\/Obituarios-1.jpg","jetpack_publicize_connections":[],"_links":{"self":[{"href":"https:\/\/notinor.com\/jujuy\/wp-json\/wp\/v2\/posts\/240786"}],"collection":[{"href":"https:\/\/notinor.com\/jujuy\/wp-json\/wp\/v2\/posts"}],"about":[{"href":"https:\/\/notinor.com\/jujuy\/wp-json\/wp\/v2\/types\/post"}],"author":[{"embeddable":true,"href":"https:\/\/notinor.com\/jujuy\/wp-json\/wp\/v2\/users\/5"}],"replies":[{"embeddable":true,"href":"https:\/\/notinor.com\/jujuy\/wp-json\/wp\/v2\/comments?post=240786"}],"version-history":[{"count":1,"href":"https:\/\/notinor.com\/jujuy\/wp-json\/wp\/v2\/posts\/240786\/revisions"}],"predecessor-version":[{"id":240787,"href":"https:\/\/notinor.com\/jujuy\/wp-json\/wp\/v2\/posts\/240786\/revisions\/240787"}],"wp:featuredmedia":[{"embeddable":true,"href":"https:\/\/notinor.com\/jujuy\/wp-json\/wp\/v2\/media\/130005"}],"wp:attachment":[{"href":"https:\/\/notinor.com\/jujuy\/wp-json\/wp\/v2\/media?parent=240786"}],"wp:term":[{"taxonomy":"category","embeddable":true,"href":"https:\/\/notinor.com\/jujuy\/wp-json\/wp\/v2\/categories?post=240786"},{"taxonomy":"post_tag","embeddable":true,"href":"https:\/\/notinor.com\/jujuy\/wp-json\/wp\/v2\/tags?post=240786"}],"curies":[{"name":"wp","href":"https:\/\/api.w.org\/{rel}","templated":true}]}}