{"id":240656,"date":"2020-05-21T12:28:32","date_gmt":"2020-05-21T15:28:32","guid":{"rendered":"https:\/\/notinor.com\/jujuy\/?p=240656"},"modified":"2020-05-21T12:28:34","modified_gmt":"2020-05-21T15:28:34","slug":"en-medio-de-la-pandemia-espana-volvera-a-tener-un-gran-espectaculo-publico","status":"publish","type":"post","link":"https:\/\/notinor.com\/jujuy\/en-medio-de-la-pandemia-espana-volvera-a-tener-un-gran-espectaculo-publico\/","title":{"rendered":"En medio de la pandemia, Espa\u00f1a volver\u00e1 a tener un gran espect\u00e1culo p\u00fablico"},"content":{"rendered":"\n<h2>La 69\u00aa edici\u00f3n del Festival Internacional de M\u00fasica y Danza de Granada ser\u00e1 el primer evento con p\u00fablico tras varias semanas de confinamiento.<\/h2>\n\n\n\n<hr class=\"wp-block-separator\"\/>\n\n\n\n<div class=\"wp-block-image\"><figure class=\"aligncenter\"><img decoding=\"async\" src=\"https:\/\/cdn.cienradios.com\/wp-content\/uploads\/sites\/30\/2020\/05\/Festival-Musica-Requiem-Catedral-Granada_1466263692_121624468_667x375.jpg\" alt=\"En medio de la pandemia, Espa\u00f1a volver\u00e1 a tener un gran espect\u00e1culo p\u00fablico\" class=\"wp-image-23383\"\/><\/figure><\/div>\n\n\n\n<hr class=\"wp-block-separator\"\/>\n\n\n\n<p>La 69\u00aa edici\u00f3n del Festival Internacional de M\u00fasica y Danza de Granada, previsto entre el 9 y el 25 de julio pero con una apertura especial programada para el 25 de junio, ser\u00e1 el primer espect\u00e1culo p\u00fablico que se realizar\u00e1 en Europa, en sus primeros pasos por recuperar la actividad tras el parate obligado por la pandemia de coronavirus.<\/p>\n\n\n\n<p>El regreso formal ser\u00e1 cuando el 25 de junio la Orquesta y el Coro Ciudad de Granada, bajo la direcci\u00f3n de Andrea Marcon, interprete el \u201cRequiem\u201d de Mozart, en la Catedral de esa ciudad, en homenaje a las v\u00edctimas de Covid-19 y a los trabajadores sanitarios.<\/p>\n\n\n\n<p>As\u00ed lo anticip\u00f3 su director art\u00edstico Antonio Moral al diario espa\u00f1ol ABC, en donde ratific\u00f3 que el encuentro se realizar\u00e1 \u201ccontra viento y marea\u201d.<\/p>\n\n\n\n<p>En tanto, confirm\u00f3 que para el 9 de julio la misma orquesta, pero bajo la direcci\u00f3n de Miguel \u00c1ngel G\u00f3mez-Mart\u00ednez, abordar\u00e1 la \u201cNovena Sinfon\u00eda\u201d, de Beethoven, y se conceder\u00e1 una Medalla del Festival de Granada a los trabajadores sanitarios.<\/p>\n\n\n\n<p>Seg\u00fan destac\u00f3 Moral, la realizaci\u00f3n del Festival es posible porque estima que para entonces, la ciudad estar\u00e1 en Fase 3 de cuarentena, lo que permite espect\u00e1culos al aire libre, en tanto no se supere el 50 por ciento de recintos que no cuenten con m\u00e1s de 800 localidades, es decir, requisitos que cumplen el Palacio de Carlos V de la Alhambra o los Jardines del Generalife, los habituales escenarios.<\/p>\n","protected":false},"excerpt":{"rendered":"<p>La 69\u00aa edici\u00f3n del Festival Internacional de M\u00fasica y Danza de Granada ser\u00e1 el primer evento con p\u00fablico tras varias semanas de confinamiento. La 69\u00aa edici\u00f3n del Festival Internacional de M\u00fasica y Danza de Granada, previsto entre el 9 y el 25 de julio pero con una apertura especial programada para el 25 de junio, [&hellip;]<\/p>\n","protected":false},"author":40,"featured_media":240657,"comment_status":"open","ping_status":"open","sticky":false,"template":"","format":"standard","meta":{"_stopmodifiedupdate":false,"_modified_date":"","inline_featured_image":false,"spay_email":"","jetpack_publicize_message":""},"categories":[17],"tags":[],"jetpack_featured_media_url":"https:\/\/notinor.com\/jujuy\/wp-content\/uploads\/2020\/05\/Festival-Musica-Requiem-Catedral-Granada_1466263692_121624468_667x375.jpg","jetpack_publicize_connections":[],"_links":{"self":[{"href":"https:\/\/notinor.com\/jujuy\/wp-json\/wp\/v2\/posts\/240656"}],"collection":[{"href":"https:\/\/notinor.com\/jujuy\/wp-json\/wp\/v2\/posts"}],"about":[{"href":"https:\/\/notinor.com\/jujuy\/wp-json\/wp\/v2\/types\/post"}],"author":[{"embeddable":true,"href":"https:\/\/notinor.com\/jujuy\/wp-json\/wp\/v2\/users\/40"}],"replies":[{"embeddable":true,"href":"https:\/\/notinor.com\/jujuy\/wp-json\/wp\/v2\/comments?post=240656"}],"version-history":[{"count":1,"href":"https:\/\/notinor.com\/jujuy\/wp-json\/wp\/v2\/posts\/240656\/revisions"}],"predecessor-version":[{"id":240660,"href":"https:\/\/notinor.com\/jujuy\/wp-json\/wp\/v2\/posts\/240656\/revisions\/240660"}],"wp:featuredmedia":[{"embeddable":true,"href":"https:\/\/notinor.com\/jujuy\/wp-json\/wp\/v2\/media\/240657"}],"wp:attachment":[{"href":"https:\/\/notinor.com\/jujuy\/wp-json\/wp\/v2\/media?parent=240656"}],"wp:term":[{"taxonomy":"category","embeddable":true,"href":"https:\/\/notinor.com\/jujuy\/wp-json\/wp\/v2\/categories?post=240656"},{"taxonomy":"post_tag","embeddable":true,"href":"https:\/\/notinor.com\/jujuy\/wp-json\/wp\/v2\/tags?post=240656"}],"curies":[{"name":"wp","href":"https:\/\/api.w.org\/{rel}","templated":true}]}}