{"id":240644,"date":"2020-05-21T10:56:25","date_gmt":"2020-05-21T13:56:25","guid":{"rendered":"https:\/\/notinor.com\/jujuy\/?p=240644"},"modified":"2020-05-21T10:56:33","modified_gmt":"2020-05-21T13:56:33","slug":"la-anses-informo-que-la-segunda-ronda-del-bono-de-10-000-sera-a-partir-del-3-de-junio","status":"publish","type":"post","link":"https:\/\/notinor.com\/jujuy\/la-anses-informo-que-la-segunda-ronda-del-bono-de-10-000-sera-a-partir-del-3-de-junio\/","title":{"rendered":"La Anses inform\u00f3 que la segunda ronda del bono de $10.000 ser\u00e1 a partir del 3 de junio"},"content":{"rendered":"\n<p>La Administraci\u00f3n Nacional de la Seguridad Social (Anses)\ninform\u00f3 que el cobro de la segunda ronda del Ingreso Familiar de Emergencia\n(IFE) comenzar\u00e1 cuando finalice el pago de la primera. Es decir, a partir del 3\nde junio. Sin embargo, a\u00fan falta definir el cronograma y los montos de\ndesembolsos del programa.<\/p>\n\n\n\n<figure class=\"wp-block-image size-large\"><img decoding=\"async\" loading=\"lazy\" width=\"750\" height=\"436\" src=\"https:\/\/notinor.com\/jujuy\/wp-content\/uploads\/2020\/05\/cobro-1.jpg\" alt=\"\" class=\"wp-image-240645\" srcset=\"https:\/\/notinor.com\/jujuy\/wp-content\/uploads\/2020\/05\/cobro-1.jpg 750w, https:\/\/notinor.com\/jujuy\/wp-content\/uploads\/2020\/05\/cobro-1-628x365.jpg 628w\" sizes=\"(max-width: 750px) 100vw, 750px\" \/><\/figure>\n\n\n\n<p class=\"has-background has-vivid-cyan-blue-background-color\"><strong>Mar\u00eda Fernanda Raverta, directora ejecutiva de la organismo, confirm\u00f3 que \u201cel universo de personas que podr\u00e1 cobrarlo ya est\u00e1 definido y no habr\u00e1 una reapertura de inscripciones\u201d.<\/strong><\/p>\n\n\n\n<p>Las \u00faltimas fechas de pago de la primera ronda para quienes\nhayan elegido a trav\u00e9s del Correo Argentino y en los cajeros Banelco y Link\nser\u00e1n para los DNI terminados en el n\u00famero 9, los d\u00edas 2 y 3 de junio, seg\u00fan el\ncalendario informado por la Anses.<\/p>\n\n\n\n<p>En tanto, Raverta indic\u00f3 que est\u00e1n terminando de definir\nc\u00f3mo ser\u00e1 la propuesta para pagar por segunda vez el IFE con un cronograma que\nsea seguro.<\/p>\n\n\n\n<p>Sobre las fechas de pagos del segundo pago del bono\nextraordinario de la Anses, la directora del organismo asegur\u00f3 que \u201cel universo\nde personas que lo puede recibir ya est\u00e1 definido\u201d y agreg\u00f3: \u201cCuando terminemos\nesta primera vuelta, que ser\u00e1 a fin de mes, vamos a poder presentar nuestro\nnuevo cronograma de pagos para la segunda vuelta\u201d.<\/p>\n\n\n\n<p>Aclar\u00f3 que los bancos no descontar\u00e1n del IFE parte de la\ndeuda de sus beneficiarios. \u201cPusimos mucha atenci\u00f3n en este tema porque fue un\nesfuerzo muy grande por parte del Estado ante esta emergencia y nos parec\u00eda\nbien injusto que exista alguna posibilidad de que estos $10.000 no le llegaran\na las familias\u201d, asegur\u00f3.<\/p>\n\n\n\n<p>Sobre el final, sostuvo: \u201cEs trist\u00edsimo que tengamos esa\ncantidad de personas por fuera del mercado formal de trabajo, con muchos de\nellos sin siquiera una cuenta bancaria. Tambi\u00e9n digo que es muy alentador que\nel Gobierno est\u00e9 acompa\u00f1ando a semejante cantidad de ciudadanos con esta\nprestaci\u00f3n\u201d.<\/p>\n","protected":false},"excerpt":{"rendered":"<p>La Administraci\u00f3n Nacional de la Seguridad Social (Anses) inform\u00f3 que el cobro de la segunda ronda del Ingreso Familiar de Emergencia (IFE) comenzar\u00e1 cuando finalice el pago de la primera. Es decir, a partir del 3 de junio. Sin embargo, a\u00fan falta definir el cronograma y los montos de desembolsos del programa. Mar\u00eda Fernanda Raverta, [&hellip;]<\/p>\n","protected":false},"author":5,"featured_media":240645,"comment_status":"open","ping_status":"open","sticky":false,"template":"","format":"standard","meta":{"_stopmodifiedupdate":false,"_modified_date":"","inline_featured_image":false,"spay_email":"","jetpack_publicize_message":"La Administraci\u00f3n Nacional de la Seguridad Social (Anses) inform\u00f3 que el cobro de la segunda ronda del Ingreso Familiar de Emergencia (IFE) comenzar\u00e1 cuando finalice el pago de la primera. Es decir, a partir del 3 de junio. Sin embargo, a\u00fan falta definir e"},"categories":[5],"tags":[],"jetpack_featured_media_url":"https:\/\/notinor.com\/jujuy\/wp-content\/uploads\/2020\/05\/cobro-1.jpg","jetpack_publicize_connections":[],"_links":{"self":[{"href":"https:\/\/notinor.com\/jujuy\/wp-json\/wp\/v2\/posts\/240644"}],"collection":[{"href":"https:\/\/notinor.com\/jujuy\/wp-json\/wp\/v2\/posts"}],"about":[{"href":"https:\/\/notinor.com\/jujuy\/wp-json\/wp\/v2\/types\/post"}],"author":[{"embeddable":true,"href":"https:\/\/notinor.com\/jujuy\/wp-json\/wp\/v2\/users\/5"}],"replies":[{"embeddable":true,"href":"https:\/\/notinor.com\/jujuy\/wp-json\/wp\/v2\/comments?post=240644"}],"version-history":[{"count":1,"href":"https:\/\/notinor.com\/jujuy\/wp-json\/wp\/v2\/posts\/240644\/revisions"}],"predecessor-version":[{"id":240646,"href":"https:\/\/notinor.com\/jujuy\/wp-json\/wp\/v2\/posts\/240644\/revisions\/240646"}],"wp:featuredmedia":[{"embeddable":true,"href":"https:\/\/notinor.com\/jujuy\/wp-json\/wp\/v2\/media\/240645"}],"wp:attachment":[{"href":"https:\/\/notinor.com\/jujuy\/wp-json\/wp\/v2\/media?parent=240644"}],"wp:term":[{"taxonomy":"category","embeddable":true,"href":"https:\/\/notinor.com\/jujuy\/wp-json\/wp\/v2\/categories?post=240644"},{"taxonomy":"post_tag","embeddable":true,"href":"https:\/\/notinor.com\/jujuy\/wp-json\/wp\/v2\/tags?post=240644"}],"curies":[{"name":"wp","href":"https:\/\/api.w.org\/{rel}","templated":true}]}}