{"id":240132,"date":"2020-05-19T10:41:16","date_gmt":"2020-05-19T13:41:16","guid":{"rendered":"https:\/\/notinor.com\/jujuy\/?p=240132"},"modified":"2020-05-19T10:41:21","modified_gmt":"2020-05-19T13:41:21","slug":"continua-los-trabajos-de-descacharrado-en-san-pedro-el-epicentro-del-dengue-en-la-provincia","status":"publish","type":"post","link":"https:\/\/notinor.com\/jujuy\/continua-los-trabajos-de-descacharrado-en-san-pedro-el-epicentro-del-dengue-en-la-provincia\/","title":{"rendered":"Contin\u00faa los trabajos de descacharrado en San Pedro, el epicentro del dengue en la provincia"},"content":{"rendered":"\n<p>Instan a los vecinos a colaborar con las limpieza de la casas y denunciar a quienes no cumplan con la normas de sanitarias. <\/p>\n\n\n\n<figure class=\"wp-block-image size-large\"><img decoding=\"async\" loading=\"lazy\" width=\"720\" height=\"1280\" src=\"https:\/\/i0.wp.com\/notinor.com\/jujuy\/wp-content\/uploads\/2020\/05\/san-francisco-2-1.jpg?fit=270%2C480&amp;ssl=1\" alt=\"\" class=\"wp-image-240134\" srcset=\"https:\/\/notinor.com\/jujuy\/wp-content\/uploads\/2020\/05\/san-francisco-2-1.jpg 720w, https:\/\/notinor.com\/jujuy\/wp-content\/uploads\/2020\/05\/san-francisco-2-1-205x365.jpg 205w, https:\/\/notinor.com\/jujuy\/wp-content\/uploads\/2020\/05\/san-francisco-2-1-270x480.jpg 270w\" sizes=\"(max-width: 720px) 100vw, 720px\" \/><\/figure>\n\n\n\n<p class=\"has-background has-vivid-cyan-blue-background-color\">Continuando con la campa\u00f1a de lucha contra el Dengue en la ciudad de San Pedro de Jujuy, esta ma\u00f1ana, trabajadores de diferentes instituciones realizaron control focal en viviendas de Barrio San Francisco.<\/p>\n\n\n\n<p>Durante la jornada, adem\u00e1s de las tareas de concientizacion y prevenci\u00f3n, encabezada por personal de Defensa Civil, se sumaron al trabajo agentes de la Direcci\u00f3n de Deportes, Bomberos Voluntarios y Concejo deliberante. Parte de esta colaboraci\u00f3n con la comunidad, tambi\u00e9n incluye las ayudas a familias o personas de avanzada edad, para sacar de sus viviendas elementos en desuso.<\/p>\n","protected":false},"excerpt":{"rendered":"<p>Instan a los vecinos a colaborar con las limpieza de la casas y denunciar a quienes no cumplan con la normas de sanitarias. Continuando con la campa\u00f1a de lucha contra el Dengue en la ciudad de San Pedro de Jujuy, esta ma\u00f1ana, trabajadores de diferentes instituciones realizaron control focal en viviendas de Barrio San Francisco. [&hellip;]<\/p>\n","protected":false},"author":1,"featured_media":240134,"comment_status":"closed","ping_status":"closed","sticky":false,"template":"","format":"standard","meta":{"_stopmodifiedupdate":false,"_modified_date":"","inline_featured_image":false,"spay_email":"","jetpack_publicize_message":"Instan a los vecinos a colaborar con las limpieza de la casas y denunciar a quienes no cumplan con la normas de sanitarias. "},"categories":[4],"tags":[],"jetpack_featured_media_url":"https:\/\/notinor.com\/jujuy\/wp-content\/uploads\/2020\/05\/san-francisco-2-1.jpg","jetpack_publicize_connections":[],"_links":{"self":[{"href":"https:\/\/notinor.com\/jujuy\/wp-json\/wp\/v2\/posts\/240132"}],"collection":[{"href":"https:\/\/notinor.com\/jujuy\/wp-json\/wp\/v2\/posts"}],"about":[{"href":"https:\/\/notinor.com\/jujuy\/wp-json\/wp\/v2\/types\/post"}],"author":[{"embeddable":true,"href":"https:\/\/notinor.com\/jujuy\/wp-json\/wp\/v2\/users\/1"}],"replies":[{"embeddable":true,"href":"https:\/\/notinor.com\/jujuy\/wp-json\/wp\/v2\/comments?post=240132"}],"version-history":[{"count":2,"href":"https:\/\/notinor.com\/jujuy\/wp-json\/wp\/v2\/posts\/240132\/revisions"}],"predecessor-version":[{"id":240135,"href":"https:\/\/notinor.com\/jujuy\/wp-json\/wp\/v2\/posts\/240132\/revisions\/240135"}],"wp:featuredmedia":[{"embeddable":true,"href":"https:\/\/notinor.com\/jujuy\/wp-json\/wp\/v2\/media\/240134"}],"wp:attachment":[{"href":"https:\/\/notinor.com\/jujuy\/wp-json\/wp\/v2\/media?parent=240132"}],"wp:term":[{"taxonomy":"category","embeddable":true,"href":"https:\/\/notinor.com\/jujuy\/wp-json\/wp\/v2\/categories?post=240132"},{"taxonomy":"post_tag","embeddable":true,"href":"https:\/\/notinor.com\/jujuy\/wp-json\/wp\/v2\/tags?post=240132"}],"curies":[{"name":"wp","href":"https:\/\/api.w.org\/{rel}","templated":true}]}}