{"id":240120,"date":"2020-05-19T10:13:24","date_gmt":"2020-05-19T13:13:24","guid":{"rendered":"https:\/\/notinor.com\/jujuy\/?p=240120"},"modified":"2020-05-19T10:13:29","modified_gmt":"2020-05-19T13:13:29","slug":"con-1-410-casos-las-villas-concentran-el-34-de-los-contagios-en-capital-federal","status":"publish","type":"post","link":"https:\/\/notinor.com\/jujuy\/con-1-410-casos-las-villas-concentran-el-34-de-los-contagios-en-capital-federal\/","title":{"rendered":"Con 1.410 casos, las villas concentran el 34% de los contagios en Capital Federal"},"content":{"rendered":"\n<p>En las \u00faltimas 24 horas, se confirmaron 87 nuevos infectados\ny el n\u00famero de fallecidos se mantiene en 12. En toda la Ciudad murieron 155\npersonas y hubo 4.130 positivos.<\/p>\n\n\n\n<figure class=\"wp-block-image size-large\"><img decoding=\"async\" loading=\"lazy\" width=\"750\" height=\"353\" src=\"https:\/\/notinor.com\/jujuy\/wp-content\/uploads\/2020\/05\/MINISTRO-1.jpg\" alt=\"\" class=\"wp-image-240121\" srcset=\"https:\/\/notinor.com\/jujuy\/wp-content\/uploads\/2020\/05\/MINISTRO-1.jpg 750w, https:\/\/notinor.com\/jujuy\/wp-content\/uploads\/2020\/05\/MINISTRO-1-660x311.jpg 660w\" sizes=\"(max-width: 750px) 100vw, 750px\" \/><\/figure>\n\n\n\n<p class=\"has-background has-vivid-cyan-blue-background-color\"><strong>Con 87 nuevos casos confirmados en las \u00faltimas 24 horas, los diagn\u00f3sticos de coronavirus ascienden a 1.410 en los barrios vulnerables porte\u00f1os, con 12 fallecimientos y 337 altas, inform\u00f3 esta ma\u00f1ana el Gobierno de la Ciudad. <\/strong><\/p>\n\n\n\n<p>Los enfermos de Covid-19 en los barrios vulnerables\nporte\u00f1os, que se concentran en el barrio Padre Mujica (ex Villa 31) y el Padre\nRicciardelli (ex Villa 1.11.14), suman el 34% del total de diagn\u00f3sticos en toda\nla jurisdicci\u00f3n, que tiene 4.130 casos positivos.<\/p>\n\n\n\n<p>Entre los fallecidos en el asentamiento de Retiro est\u00e1n\nRamona Medina, coordinadora de Salud de la Casa de la Mujer del Barrio 31, y\nV\u00edctor Giracoy, conocido como \"Oso\", quien llevaba m\u00e1s de 25 a\u00f1os al\nfrente del comedor \"Estrella de Bel\u00e9n\". <\/p>\n\n\n\n<p>El ministro de Salud porte\u00f1o, Fern\u00e1n Quir\u00f3s, detall\u00f3 esta\nma\u00f1ana en una conferencia de prensa que en el barrio Padre Mujica se realizaron\n984 testeos y 585 dieron positivo para Covid-19.<\/p>\n\n\n\n<p>En tanto, en el Padre Ricciardelli los testeos fueron 374 y\nlos casos positivos 165. Mientras que en el Barrio 21.24 de Barracas, donde los\ntesteos comenzaron ayer, se realizaron 40 pruebas, de las cuales 4 arrojaron\ndiagn\u00f3sticos positivos.<\/p>\n\n\n\n<p>En esos barrios el Gobierno nacional y el de Ciudad trabajan\nen conjunto con el Programa Detectar para la b\u00fasqueda activa de personas que\ntuvieron contactos con enfermos de Covid-19 y de casos sospechosos, con el\nobjetivo de contener la propagaci\u00f3n de la pandemia.<\/p>\n\n\n\n<p>En toda la Capital Federal fallecieron 155 personas por\ncoronavirus y 1.139 fueron dadas de alta.<\/p>\n","protected":false},"excerpt":{"rendered":"<p>En las \u00faltimas 24 horas, se confirmaron 87 nuevos infectados y el n\u00famero de fallecidos se mantiene en 12. En toda la Ciudad murieron 155 personas y hubo 4.130 positivos. Con 87 nuevos casos confirmados en las \u00faltimas 24 horas, los diagn\u00f3sticos de coronavirus ascienden a 1.410 en los barrios vulnerables porte\u00f1os, con 12 fallecimientos [&hellip;]<\/p>\n","protected":false},"author":5,"featured_media":240123,"comment_status":"open","ping_status":"open","sticky":false,"template":"","format":"standard","meta":{"_stopmodifiedupdate":false,"_modified_date":"","inline_featured_image":false,"spay_email":"","jetpack_publicize_message":"En las \u00faltimas 24 horas, se confirmaron 87 nuevos infectados y el n\u00famero de fallecidos se mantiene en 12. En toda la Ciudad murieron 155 personas y hubo 4.130 positivos."},"categories":[5],"tags":[],"jetpack_featured_media_url":"https:\/\/notinor.com\/jujuy\/wp-content\/uploads\/2020\/05\/VILLA-1.jpg","jetpack_publicize_connections":[],"_links":{"self":[{"href":"https:\/\/notinor.com\/jujuy\/wp-json\/wp\/v2\/posts\/240120"}],"collection":[{"href":"https:\/\/notinor.com\/jujuy\/wp-json\/wp\/v2\/posts"}],"about":[{"href":"https:\/\/notinor.com\/jujuy\/wp-json\/wp\/v2\/types\/post"}],"author":[{"embeddable":true,"href":"https:\/\/notinor.com\/jujuy\/wp-json\/wp\/v2\/users\/5"}],"replies":[{"embeddable":true,"href":"https:\/\/notinor.com\/jujuy\/wp-json\/wp\/v2\/comments?post=240120"}],"version-history":[{"count":1,"href":"https:\/\/notinor.com\/jujuy\/wp-json\/wp\/v2\/posts\/240120\/revisions"}],"predecessor-version":[{"id":240125,"href":"https:\/\/notinor.com\/jujuy\/wp-json\/wp\/v2\/posts\/240120\/revisions\/240125"}],"wp:featuredmedia":[{"embeddable":true,"href":"https:\/\/notinor.com\/jujuy\/wp-json\/wp\/v2\/media\/240123"}],"wp:attachment":[{"href":"https:\/\/notinor.com\/jujuy\/wp-json\/wp\/v2\/media?parent=240120"}],"wp:term":[{"taxonomy":"category","embeddable":true,"href":"https:\/\/notinor.com\/jujuy\/wp-json\/wp\/v2\/categories?post=240120"},{"taxonomy":"post_tag","embeddable":true,"href":"https:\/\/notinor.com\/jujuy\/wp-json\/wp\/v2\/tags?post=240120"}],"curies":[{"name":"wp","href":"https:\/\/api.w.org\/{rel}","templated":true}]}}