{"id":240116,"date":"2020-05-19T09:50:54","date_gmt":"2020-05-19T12:50:54","guid":{"rendered":"https:\/\/notinor.com\/jujuy\/?p=240116"},"modified":"2020-05-19T09:50:59","modified_gmt":"2020-05-19T12:50:59","slug":"colqui-isidra-justina","status":"publish","type":"post","link":"https:\/\/notinor.com\/jujuy\/colqui-isidra-justina\/","title":{"rendered":"COLQUI, Isidra Justina"},"content":{"rendered":"\n<p class=\"has-background has-vivid-cyan-blue-background-color\"><strong>Falleci\u00f3 el d\u00eda 18 de mayo de 2020, a la edad de 53 a\u00f1os. Su esposo: Emeterio Juli\u00e1n, sus hijos: Nora, Jos\u00e9, Noem\u00ed, sus nietos y dem\u00e1s familiares participan con profundo dolor su fallecimiento y comunican que sus restos fueron inhumados ayer 18 de mayo en el cementerio municipal de Humahuaca. Tanatopraxia y honras f\u00fanebres Servicios Sociales Instituto del Norte SA. Patricias Argentinas 247 San Salvador de Jujuy. Tel. 388-4242818. <\/strong><\/p>\n","protected":false},"excerpt":{"rendered":"<p>Falleci\u00f3 el d\u00eda 18 de mayo de 2020, a la edad de 53 a\u00f1os. Su esposo: Emeterio Juli\u00e1n, sus hijos: Nora, Jos\u00e9, Noem\u00ed, sus nietos y dem\u00e1s familiares participan con profundo dolor su fallecimiento y comunican que sus restos fueron inhumados ayer 18 de mayo en el cementerio municipal de Humahuaca. Tanatopraxia y honras f\u00fanebres [&hellip;]<\/p>\n","protected":false},"author":5,"featured_media":130005,"comment_status":"open","ping_status":"open","sticky":false,"template":"","format":"standard","meta":{"_stopmodifiedupdate":false,"_modified_date":"","inline_featured_image":false,"spay_email":"","jetpack_publicize_message":""},"categories":[523],"tags":[],"jetpack_featured_media_url":"https:\/\/notinor.com\/jujuy\/wp-content\/uploads\/2017\/08\/Obituarios-1.jpg","jetpack_publicize_connections":[],"_links":{"self":[{"href":"https:\/\/notinor.com\/jujuy\/wp-json\/wp\/v2\/posts\/240116"}],"collection":[{"href":"https:\/\/notinor.com\/jujuy\/wp-json\/wp\/v2\/posts"}],"about":[{"href":"https:\/\/notinor.com\/jujuy\/wp-json\/wp\/v2\/types\/post"}],"author":[{"embeddable":true,"href":"https:\/\/notinor.com\/jujuy\/wp-json\/wp\/v2\/users\/5"}],"replies":[{"embeddable":true,"href":"https:\/\/notinor.com\/jujuy\/wp-json\/wp\/v2\/comments?post=240116"}],"version-history":[{"count":1,"href":"https:\/\/notinor.com\/jujuy\/wp-json\/wp\/v2\/posts\/240116\/revisions"}],"predecessor-version":[{"id":240117,"href":"https:\/\/notinor.com\/jujuy\/wp-json\/wp\/v2\/posts\/240116\/revisions\/240117"}],"wp:featuredmedia":[{"embeddable":true,"href":"https:\/\/notinor.com\/jujuy\/wp-json\/wp\/v2\/media\/130005"}],"wp:attachment":[{"href":"https:\/\/notinor.com\/jujuy\/wp-json\/wp\/v2\/media?parent=240116"}],"wp:term":[{"taxonomy":"category","embeddable":true,"href":"https:\/\/notinor.com\/jujuy\/wp-json\/wp\/v2\/categories?post=240116"},{"taxonomy":"post_tag","embeddable":true,"href":"https:\/\/notinor.com\/jujuy\/wp-json\/wp\/v2\/tags?post=240116"}],"curies":[{"name":"wp","href":"https:\/\/api.w.org\/{rel}","templated":true}]}}