{"id":239859,"date":"2020-05-18T10:45:27","date_gmt":"2020-05-18T13:45:27","guid":{"rendered":"https:\/\/notinor.com\/jujuy\/?p=239859"},"modified":"2020-05-18T10:45:36","modified_gmt":"2020-05-18T13:45:36","slug":"lo-tento-el-mismo-lionel-messi-llamo-a-lautaro-martinez-para-que-vaya-al-barcelona","status":"publish","type":"post","link":"https:\/\/notinor.com\/jujuy\/lo-tento-el-mismo-lionel-messi-llamo-a-lautaro-martinez-para-que-vaya-al-barcelona\/","title":{"rendered":"Lo tent\u00f3: El mismo Lionel Messi llam\u00f3 a Lautaro Mart\u00ednez para que vaya al Barcelona"},"content":{"rendered":"\n<p class=\"has-text-align-justify\"><em>El astro argentino se comunic\u00f3 con la joyita del Inter para tentarlo con sumarse al club cul\u00e9, seg\u00fan asegur\u00f3 Adri\u00e1n Fern\u00e1ndez, directivo de La Academia<\/em>.<\/p>\n\n\n\n<figure class=\"wp-block-image size-large\"><img decoding=\"async\" loading=\"lazy\" width=\"862\" height=\"485\" src=\"https:\/\/i0.wp.com\/notinor.com\/jujuy\/wp-content\/uploads\/2020\/05\/messi-lautaro_862x485.jpg?fit=840%2C473&amp;ssl=1\" alt=\"\" class=\"wp-image-239860\" srcset=\"https:\/\/notinor.com\/jujuy\/wp-content\/uploads\/2020\/05\/messi-lautaro_862x485.jpg 862w, https:\/\/notinor.com\/jujuy\/wp-content\/uploads\/2020\/05\/messi-lautaro_862x485-649x365.jpg 649w, https:\/\/notinor.com\/jujuy\/wp-content\/uploads\/2020\/05\/messi-lautaro_862x485-840x473.jpg 840w, https:\/\/notinor.com\/jujuy\/wp-content\/uploads\/2020\/05\/messi-lautaro_862x485-500x280.jpg 500w, https:\/\/notinor.com\/jujuy\/wp-content\/uploads\/2020\/05\/messi-lautaro_862x485-768x432.jpg 768w\" sizes=\"(max-width: 862px) 100vw, 862px\" \/><\/figure>\n\n\n\n<p class=\"has-background has-text-align-justify has-vivid-cyan-blue-background-color\">El astro argentino\u00a0Lionel Messi\u00a0llam\u00f3 a su compatriota y compa\u00f1ero de la Selecci\u00f3n Argentina,\u00a0Lautaro Mart\u00ednez,\u00a0<strong>\"para que vaya a jugar al Barcelona\"<\/strong>, seg\u00fan revel\u00f3 el descubridor del actual futbolista del Inter de Italia, Adri\u00e1n Fern\u00e1ndez, en declaraciones a\u00a0<em>Sport<\/em>.<\/p>\n\n\n\n<p class=\"has-text-align-justify\"><strong>\"Messi llam\u00f3 a Lautaro para decirle que quiere que vaya al Barcelona a jugar junto con \u00e9l\"<\/strong>, dijo Fern\u00e1ndez, presidente de la Subcomisi\u00f3n del\u00a0F\u00fatbol\u00a0Amateur de\u00a0Racing Club, en una entrevista con el diario catal\u00e1n.<\/p>\n\n\n\n<p class=\"has-text-align-justify\">Consultado por la llegada de Lautaro a la instituci\u00f3n de Avellaneda, Fern\u00e1ndez record\u00f3:&nbsp;<strong>\"Nunca podr\u00e9 olvidarlo.&nbsp;<\/strong>Fue en noviembre de 2013, hubo una prueba en el club Liniers de Bah\u00eda Blanca y Fabio Radaelli y Alfredo Acosta lo vieron en un selectivo\".<\/p>\n\n\n\n<p class=\"has-text-align-justify\">\"Enseguida me llamaron y me dijeron: 'Adri\u00e1n, hay un jugador extraordinario que tenemos que fichar s\u00ed o s\u00ed'. Les contest\u00e9 que nuestra categor\u00eda '97 ya estaba llena de buenos talentos y no ten\u00edamos lugar pero Radaelli me insisti\u00f3, pidi\u00f3 que confiara en \u00e9l y as\u00ed lo fichamos\", cont\u00f3.<\/p>\n\n\n\n<p class=\"has-text-align-justify\">\"Lautaro vino a Racing en enero de 2014 y se instal\u00f3 en nuestra Casa Tita, donde vivi\u00f3 dos o tres a\u00f1os.&nbsp;<strong>Era un chico muy inteligente, centrado y humilde.&nbsp;<\/strong>Siempre supo que quer\u00eda ser jugador profesional de f\u00fatbol, hizo todo lo posible para conseguirlo y nunca perdi\u00f3 de vista su gran objetivo\", apreci\u00f3.<\/p>\n\n\n\n<p class=\"has-text-align-justify\">Fern\u00e1ndez confirm\u00f3 luego que el Toro rechaz\u00f3 una oferta del\u00a0Real Madrid\u00a0cuando jugaba en las juveniles de Racing:<strong>\u00a0\"Es verdad. La rechaz\u00f3 porque le hablamos la gente que queremos a Racing y los que conducimos. Le dijimos que lo m\u00e1s importante para \u00e9l en esa \u00e9poca era seguir con nosotros, debutar en Racing y disfrutar de un tiempo en la Primera Divisi\u00f3n de Argentina\".<\/strong><\/p>\n\n\n\n<p class=\"has-text-align-justify\"><strong>\"Por suerte nos escuch\u00f3 e hizo su debut oficial en campeonato,<\/strong>\u00a0el 31 de octubre 2015, con apenas 18 a\u00f1os y remplazando nada m\u00e1s y nada menos que a\u00a0Diego Milito\", record\u00f3 Fern\u00e1ndez.<\/p>\n\n\n\n<p class=\"has-text-align-justify\">Finalmente, el descubridor de Mart\u00ednez bendijo su posible llegada al club catal\u00e1n:\u00a0<strong>\"Le ir\u00e1 muy bien en Barcelona, va a ser un excelente reemplazo de\u00a0Luis Su\u00e1rez. Es su heredero ideal, tiene unas condiciones b\u00e1rbaras y en Barcelona seguir\u00e1 creciendo como futbolista y como hombre\".<\/strong><\/p>\n","protected":false},"excerpt":{"rendered":"<p>El astro argentino se comunic\u00f3 con la joyita del Inter para tentarlo con sumarse al club cul\u00e9, seg\u00fan asegur\u00f3 Adri\u00e1n Fern\u00e1ndez, directivo de La Academia. El astro argentino\u00a0Lionel Messi\u00a0llam\u00f3 a su compatriota y compa\u00f1ero de la Selecci\u00f3n Argentina,\u00a0Lautaro Mart\u00ednez,\u00a0\"para que vaya a jugar al Barcelona\", seg\u00fan revel\u00f3 el descubridor del actual futbolista del Inter de [&hellip;]<\/p>\n","protected":false},"author":37,"featured_media":239860,"comment_status":"open","ping_status":"open","sticky":false,"template":"","format":"standard","meta":{"_stopmodifiedupdate":false,"_modified_date":"","inline_featured_image":false,"spay_email":"","jetpack_publicize_message":"El astro argentino se comunic\u00f3 con la joyita del Inter para tentarlo con sumarse al club cul\u00e9, seg\u00fan asegur\u00f3 Adri\u00e1n Fern\u00e1ndez, directivo de La Academia."},"categories":[7],"tags":[],"jetpack_featured_media_url":"https:\/\/notinor.com\/jujuy\/wp-content\/uploads\/2020\/05\/messi-lautaro_862x485.jpg","jetpack_publicize_connections":[],"_links":{"self":[{"href":"https:\/\/notinor.com\/jujuy\/wp-json\/wp\/v2\/posts\/239859"}],"collection":[{"href":"https:\/\/notinor.com\/jujuy\/wp-json\/wp\/v2\/posts"}],"about":[{"href":"https:\/\/notinor.com\/jujuy\/wp-json\/wp\/v2\/types\/post"}],"author":[{"embeddable":true,"href":"https:\/\/notinor.com\/jujuy\/wp-json\/wp\/v2\/users\/37"}],"replies":[{"embeddable":true,"href":"https:\/\/notinor.com\/jujuy\/wp-json\/wp\/v2\/comments?post=239859"}],"version-history":[{"count":1,"href":"https:\/\/notinor.com\/jujuy\/wp-json\/wp\/v2\/posts\/239859\/revisions"}],"predecessor-version":[{"id":239861,"href":"https:\/\/notinor.com\/jujuy\/wp-json\/wp\/v2\/posts\/239859\/revisions\/239861"}],"wp:featuredmedia":[{"embeddable":true,"href":"https:\/\/notinor.com\/jujuy\/wp-json\/wp\/v2\/media\/239860"}],"wp:attachment":[{"href":"https:\/\/notinor.com\/jujuy\/wp-json\/wp\/v2\/media?parent=239859"}],"wp:term":[{"taxonomy":"category","embeddable":true,"href":"https:\/\/notinor.com\/jujuy\/wp-json\/wp\/v2\/categories?post=239859"},{"taxonomy":"post_tag","embeddable":true,"href":"https:\/\/notinor.com\/jujuy\/wp-json\/wp\/v2\/tags?post=239859"}],"curies":[{"name":"wp","href":"https:\/\/api.w.org\/{rel}","templated":true}]}}