{"id":239851,"date":"2020-05-18T10:35:17","date_gmt":"2020-05-18T13:35:17","guid":{"rendered":"https:\/\/notinor.com\/jujuy\/?p=239851"},"modified":"2020-05-18T15:20:30","modified_gmt":"2020-05-18T18:20:30","slug":"18-de-mayo-dia-de-la-escarapela","status":"publish","type":"post","link":"https:\/\/notinor.com\/jujuy\/18-de-mayo-dia-de-la-escarapela\/","title":{"rendered":"18 de mayo D\u00eda de la Escarapela"},"content":{"rendered":"\n<p>El origen de los colores de la escarapela y las razones por\nlas que fueron elegidos para simbolizar a la Patria no pueden establecerse con\nprecisi\u00f3n.<\/p>\n\n\n\n<figure class=\"wp-block-image size-large\"><img decoding=\"async\" loading=\"lazy\" width=\"528\" height=\"480\" src=\"https:\/\/notinor.com\/jujuy\/wp-content\/uploads\/2020\/05\/escarapela-528x480.jpg\" alt=\"\" class=\"wp-image-239853\" srcset=\"https:\/\/notinor.com\/jujuy\/wp-content\/uploads\/2020\/05\/escarapela-528x480.jpg 528w, https:\/\/notinor.com\/jujuy\/wp-content\/uploads\/2020\/05\/escarapela-401x365.jpg 401w, https:\/\/notinor.com\/jujuy\/wp-content\/uploads\/2020\/05\/escarapela.jpg 573w\" sizes=\"(max-width: 528px) 100vw, 528px\" \/><\/figure>\n\n\n\n<p class=\"has-background has-vivid-cyan-blue-background-color\"><strong>Entre muchas versiones, una afirma que los colores blanco y celeste fueron adoptados por primera vez durante las invasiones inglesas (1806-1807) por los Patricios, el primer cuerpo de milicia urbana del R\u00edo de la Plata y que luego empezaron a popularizarse entre los nativos. Se dice tambi\u00e9n que la escarapela argentina fue utilizada por primera vez por un grupo de damas de Buenos Aires al presentarse a una entrevista con el entonces coronel Cornelio de Saavedra, jefe del regimiento de Patricios, el 19 de mayo de 1810.<\/strong><\/p>\n\n\n\n<p>Una comisi\u00f3n oficial nombrada en 1933, explica que French,\nque para esa \u00e9poca contaba con 16 a\u00f1os, refiri\u00f3 a Mitre el acto de cintas el 25\nde mayo, sin hacer menci\u00f3n de que esos colores eran divisa de dama y\ncaballeros. Otra fuente de Mitre, militar, recordaba, que su jefe de 1810,\nhab\u00eda distribuido cintas entre el grupo a que pertenec\u00eda, pero no advirti\u00f3 que\ntales colores ya eran usados como una tendencia.<\/p>\n\n\n\n<p>El 25 de mayo de 1810 se difundi\u00f3 -entre los patriotas- el\nuso de la escarapela nacional. No apareci\u00f3 la decisi\u00f3n de usar esos colores\ncomo iniciativa de una determinada persona, sino como el producto de una\nactitud espont\u00e1nea, adoptada sin previo acuerdo ni deliberaciones.<\/p>\n\n\n\n<p>El 23 de marzo de 1811 la escarapela fue usada como\ndistintivo de los opositores a la mayor\u00eda de la Junta.<\/p>\n\n\n\n<p>A fines de 1811, aumentaron los ataques espa\u00f1oles contra las\ncostas del Paran\u00e1 ordenadas por el gobernador espa\u00f1ol de Montevideo, Pascual\nVigodet. Frente a esto el Triunvirato encarg\u00f3 el 24 de enero de 1812 a Manuel\nBelgrano partir hacia Rosario con un cuerpo de ej\u00e9rcito. El general Belgrano\nlogr\u00f3 controlar las agresiones espa\u00f1olas e instalar una bater\u00eda (una especie de\nfuerte militar) en las barrancas del Paran\u00e1, a la que llam\u00f3 Libertad. A\nBelgrano le pareci\u00f3 absurdo que sus soldados siguieran usando distintivos\nespa\u00f1oles por lo que solicit\u00f3 y obtuvo permiso para que sus soldados usaran una\nescarapela. Por decreto del 18 de febrero de 1812, el Triunvirato creaba, seg\u00fan\nel dise\u00f1o propuesto por Belgrano, una \"escarapela nacional de las\nProvincias Unidas del R\u00edo de la Plata de dos colores, blanco y azul celeste,\nquedando abolida la roja con que antiguamente se distingu\u00edan\".<\/p>\n\n\n\n<p>En 1812, la pol\u00edtica exterior del Primer Triunvirato se\nbasaba en sostener que el objetivo de la Revoluci\u00f3n de Mayo era preservar estos\nterritorios para Fernando VII, que segu\u00eda cautivo de Napole\u00f3n, pero muchos,\ncomo Belgrano pensaban que ya era tiempo de pensar en la Independencia.<\/p>\n\n\n\n<p>El D\u00eda de la Escarapela fue instituido por el Consejo\nNacional de Educaci\u00f3n, en el a\u00f1o 1935, y su celebraci\u00f3n se efect\u00faa el 18 de\nmayo.<\/p>\n","protected":false},"excerpt":{"rendered":"<p>El origen de los colores de la escarapela y las razones por las que fueron elegidos para simbolizar a la Patria no pueden establecerse con precisi\u00f3n. Entre muchas versiones, una afirma que los colores blanco y celeste fueron adoptados por primera vez durante las invasiones inglesas (1806-1807) por los Patricios, el primer cuerpo de milicia [&hellip;]<\/p>\n","protected":false},"author":5,"featured_media":239906,"comment_status":"open","ping_status":"open","sticky":false,"template":"","format":"standard","meta":{"_stopmodifiedupdate":false,"_modified_date":"","inline_featured_image":false,"spay_email":"","jetpack_publicize_message":"El origen de los colores de la escarapela y las razones por las que fueron elegidos para simbolizar a la Patria no pueden establecerse con precisi\u00f3n."},"categories":[13],"tags":[],"jetpack_featured_media_url":"https:\/\/notinor.com\/jujuy\/wp-content\/uploads\/2020\/05\/escarapela-1.jpg","jetpack_publicize_connections":[],"_links":{"self":[{"href":"https:\/\/notinor.com\/jujuy\/wp-json\/wp\/v2\/posts\/239851"}],"collection":[{"href":"https:\/\/notinor.com\/jujuy\/wp-json\/wp\/v2\/posts"}],"about":[{"href":"https:\/\/notinor.com\/jujuy\/wp-json\/wp\/v2\/types\/post"}],"author":[{"embeddable":true,"href":"https:\/\/notinor.com\/jujuy\/wp-json\/wp\/v2\/users\/5"}],"replies":[{"embeddable":true,"href":"https:\/\/notinor.com\/jujuy\/wp-json\/wp\/v2\/comments?post=239851"}],"version-history":[{"count":1,"href":"https:\/\/notinor.com\/jujuy\/wp-json\/wp\/v2\/posts\/239851\/revisions"}],"predecessor-version":[{"id":239854,"href":"https:\/\/notinor.com\/jujuy\/wp-json\/wp\/v2\/posts\/239851\/revisions\/239854"}],"wp:featuredmedia":[{"embeddable":true,"href":"https:\/\/notinor.com\/jujuy\/wp-json\/wp\/v2\/media\/239906"}],"wp:attachment":[{"href":"https:\/\/notinor.com\/jujuy\/wp-json\/wp\/v2\/media?parent=239851"}],"wp:term":[{"taxonomy":"category","embeddable":true,"href":"https:\/\/notinor.com\/jujuy\/wp-json\/wp\/v2\/categories?post=239851"},{"taxonomy":"post_tag","embeddable":true,"href":"https:\/\/notinor.com\/jujuy\/wp-json\/wp\/v2\/tags?post=239851"}],"curies":[{"name":"wp","href":"https:\/\/api.w.org\/{rel}","templated":true}]}}