{"id":239254,"date":"2020-05-13T16:57:00","date_gmt":"2020-05-13T19:57:00","guid":{"rendered":"https:\/\/notinor.com\/jujuy\/?p=239254"},"modified":"2020-05-14T16:57:48","modified_gmt":"2020-05-14T19:57:48","slug":"el-municipio-y-la-secretaria-de-economia-popular-provincial-firmaron-un-convenio","status":"publish","type":"post","link":"https:\/\/notinor.com\/jujuy\/el-municipio-y-la-secretaria-de-economia-popular-provincial-firmaron-un-convenio\/","title":{"rendered":"El municipio y la Secretar\u00eda de econom\u00eda Popular Provincial firmaron un convenio"},"content":{"rendered":"\n<p>Se desarroll\u00f3 en el&nbsp;\nmarco de la creaci\u00f3n del Programa Descentralizado de Fortalecimiento de\nla Econom\u00eda Popular (PDFEP), para fortalecer las competencias estrat\u00e9gicas de\ncapacitaci\u00f3n, log\u00edstica y venta de los productos generados por los distintos\nemprendedores de la ciudad y favorecer las condiciones laborales de los\nvendedores de la v\u00eda p\u00fablica, base fundamental para el desarrollo de la\neconom\u00eda cotidiana de la ciudad.<\/p>\n\n\n\n<figure class=\"wp-block-image size-large\"><img decoding=\"async\" loading=\"lazy\" width=\"750\" height=\"293\" src=\"https:\/\/notinor.com\/jujuy\/wp-content\/uploads\/2020\/05\/economia-reg..jpeg\" alt=\"\" class=\"wp-image-239255\" srcset=\"https:\/\/notinor.com\/jujuy\/wp-content\/uploads\/2020\/05\/economia-reg..jpeg 750w, https:\/\/notinor.com\/jujuy\/wp-content\/uploads\/2020\/05\/economia-reg.-660x258.jpeg 660w\" sizes=\"(max-width: 750px) 100vw, 750px\" \/><\/figure>\n\n\n\n<p class=\"has-background has-vivid-cyan-blue-background-color\"><strong>Desde la Municipalidad de la Capital se viene trabajando intensamente para el\u00a0 fortalecimiento de todos los\u00a0 emprendedores y vendedores informales\u00a0 mediante la descentralizaci\u00f3n de cursos, talleres y estrategias directas, puesto que la pandemia demostr\u00f3 con datos precisos que la calle muchas veces no es una opci\u00f3n para el trabajador ambulante\u00a0 sino una necesidad que merece ser atendida para ennoblecerla.<\/strong><\/p>\n\n\n\n<p>Con la firme decisi\u00f3n de mejorar las econom\u00edas populares y\nbrindarles a los peque\u00f1os emprendedores y vendedores ambulantes las\noportunidades de crecimiento y progreso laboral, el Intendente, Ra\u00fal\n\u201cChuli\u201dJorge, aclar\u00f3 \u201chay que crear oportunidades que mejoren la dignidad de\nlos trabajadores informales, cada vendedor tiene que convertirse en emprendedor\npara mejorar su condici\u00f3n laboral y sanitaria, sobretodo en este momento en\ndonde la pandemia nos lleva a fortalecer los h\u00e1bitos de higiene y de\nbioseguridad.\u201d<\/p>\n\n\n\n<p>Siguiendo con el desarrollo del convenio, el Ministro&nbsp; de Desarrollo Econ\u00f3mico y Producci\u00f3n,\nExequiel Lello Ivacevich, detall\u00f3 \u201ces un trabajo que se viene desarrollando\nhace m\u00e1s de 5 a\u00f1os y&nbsp; en medio de una\nsituaci\u00f3n especial que es la pandemia nos llev\u00f3 a firmar un&nbsp; convenio de participaci\u00f3n rec\u00edproca con&nbsp; la Municipalidad&nbsp; buscando&nbsp;\nvisibilizar de manera directa a los grandes afectados, los trabajadores\ninformales, que precisan de herramientas y acciones espec\u00edficas para crecer y\nsalir de esa situaci\u00f3n de precariedad laboral\u201d.<\/p>\n\n\n\n<p>Al respecto, el secretario de Econom\u00eda Popular de la\nProvincia, Rub\u00e9n Daza, manifest\u00f3 \u201cel presente convenio permitir\u00e1&nbsp; aunar acciones en conjunto poniendo&nbsp;&nbsp; a disposici\u00f3n de la comuna el equipo t\u00e9cnico\ny herramientas necesarias para el desarrollo formativo integral&nbsp; de todo los vendedores comunales y\nespecialmente los vendedores&nbsp; ambulantes\u201d.<\/p>\n\n\n\n<p>En tanto, el secretario de Gobierno Municipal, Gast\u00f3n\nMill\u00f3n, expres\u00f3 \u201cel trabajo que se realiz\u00f3 a trav\u00e9s del empadronamiento de los\nvendedores de la v\u00eda p\u00fablica, nos llev\u00f3 a incentivar desde la comuna acciones\npara el fortalecimiento&nbsp; de la econom\u00eda\npopular para que cada vendedor ambulante mejore su situaci\u00f3n personal, progrese\ny en ese camino vaya dejando de a poco su informalidad\u201d.<\/p>\n","protected":false},"excerpt":{"rendered":"<p>Se desarroll\u00f3 en el&nbsp; marco de la creaci\u00f3n del Programa Descentralizado de Fortalecimiento de la Econom\u00eda Popular (PDFEP), para fortalecer las competencias estrat\u00e9gicas de capacitaci\u00f3n, log\u00edstica y venta de los productos generados por los distintos emprendedores de la ciudad y favorecer las condiciones laborales de los vendedores de la v\u00eda p\u00fablica, base fundamental para el [&hellip;]<\/p>\n","protected":false},"author":5,"featured_media":239255,"comment_status":"open","ping_status":"open","sticky":false,"template":"","format":"standard","meta":{"_stopmodifiedupdate":false,"_modified_date":"","inline_featured_image":false,"spay_email":"","jetpack_publicize_message":"Se desarroll\u00f3 en el  marco de la creaci\u00f3n del Programa Descentralizado de Fortalecimiento de la Econom\u00eda Popular (PDFEP), para fortalecer las competencias estrat\u00e9gicas de capacitaci\u00f3n, log\u00edstica y venta de los productos generados por los distintos emprende"},"categories":[514],"tags":[],"jetpack_featured_media_url":"https:\/\/notinor.com\/jujuy\/wp-content\/uploads\/2020\/05\/economia-reg..jpeg","jetpack_publicize_connections":[],"_links":{"self":[{"href":"https:\/\/notinor.com\/jujuy\/wp-json\/wp\/v2\/posts\/239254"}],"collection":[{"href":"https:\/\/notinor.com\/jujuy\/wp-json\/wp\/v2\/posts"}],"about":[{"href":"https:\/\/notinor.com\/jujuy\/wp-json\/wp\/v2\/types\/post"}],"author":[{"embeddable":true,"href":"https:\/\/notinor.com\/jujuy\/wp-json\/wp\/v2\/users\/5"}],"replies":[{"embeddable":true,"href":"https:\/\/notinor.com\/jujuy\/wp-json\/wp\/v2\/comments?post=239254"}],"version-history":[{"count":1,"href":"https:\/\/notinor.com\/jujuy\/wp-json\/wp\/v2\/posts\/239254\/revisions"}],"predecessor-version":[{"id":239256,"href":"https:\/\/notinor.com\/jujuy\/wp-json\/wp\/v2\/posts\/239254\/revisions\/239256"}],"wp:featuredmedia":[{"embeddable":true,"href":"https:\/\/notinor.com\/jujuy\/wp-json\/wp\/v2\/media\/239255"}],"wp:attachment":[{"href":"https:\/\/notinor.com\/jujuy\/wp-json\/wp\/v2\/media?parent=239254"}],"wp:term":[{"taxonomy":"category","embeddable":true,"href":"https:\/\/notinor.com\/jujuy\/wp-json\/wp\/v2\/categories?post=239254"},{"taxonomy":"post_tag","embeddable":true,"href":"https:\/\/notinor.com\/jujuy\/wp-json\/wp\/v2\/tags?post=239254"}],"curies":[{"name":"wp","href":"https:\/\/api.w.org\/{rel}","templated":true}]}}