{"id":239221,"date":"2020-05-13T20:37:00","date_gmt":"2020-05-13T23:37:00","guid":{"rendered":"https:\/\/notinor.com\/jujuy\/?p=239221"},"modified":"2020-05-14T14:12:33","modified_gmt":"2020-05-14T17:12:33","slug":"se-iniciaran-trabajos-de-circulacion-de-giro-libre","status":"publish","type":"post","link":"https:\/\/notinor.com\/jujuy\/se-iniciaran-trabajos-de-circulacion-de-giro-libre\/","title":{"rendered":"Se iniciar\u00e1n trabajos de circulaci\u00f3n de giro libre"},"content":{"rendered":"\n<p>La ejecuci\u00f3n de la obra de giro libre a la derecha, a la salida del puente Gorriti, ingresando a la avenida Jos\u00e9 Martiarena, para dotar de una \u00f3ptima organizaci\u00f3n de transitabilidad el sector.<\/p>\n\n\n\n<figure class=\"wp-block-image size-large\"><img decoding=\"async\" loading=\"lazy\" width=\"719\" height=\"469\" src=\"https:\/\/notinor.com\/jujuy\/wp-content\/uploads\/2020\/05\/giro-libre.jpeg\" alt=\"\" class=\"wp-image-239222\" srcset=\"https:\/\/notinor.com\/jujuy\/wp-content\/uploads\/2020\/05\/giro-libre.jpeg 719w, https:\/\/notinor.com\/jujuy\/wp-content\/uploads\/2020\/05\/giro-libre-560x365.jpeg 560w\" sizes=\"(max-width: 719px) 100vw, 719px\" \/><\/figure>\n\n\n\n<p class=\"has-background has-vivid-cyan-blue-background-color\"><strong>Apostados en intersecciones de avenida 19 de abril y puente Gorriti, el Intendente de San Salvador de Jujuy, Ra\u00fal \u201cChuli\u201d Jorge, junto a los secretarios de Obras P\u00fablicas, Aldo Montiel y de Servicios P\u00fablicos, Guillermo Marenco, anunciaron -en el marco de un estudio de circulaci\u00f3n vehicular- la ejecuci\u00f3n de la obra de giro libre a la derecha, a la salida del puente Gorriti, ingresando a la avenida Jos\u00e9 Martiarena, para dotar de una \u00f3ptima organizaci\u00f3n de transitabilidad el sector.<\/strong><\/p>\n\n\n\n<p>Con m\u00e1s detalles, el Intendente Ra\u00fal Jorge especific\u00f3 que el\ntema del transporte p\u00fablico de pasajeros tendr\u00e1 otra etapa de continuaci\u00f3n con\nel Metrobus \u201cbrindando resultados positivos, trabajando al 100 por 100, y\nposibilitando movilidad urbana con el uso del transporte p\u00fablico\u201d.<\/p>\n\n\n\n<p>En este sentido, adelant\u00f3 que iniciar\u00e1n tareas sobre un\nnuevo giro libre que \u201cen su momento signific\u00f3 un alivio muy importante para la\ncongesti\u00f3n del puente de doble sentido, que posibilita la uni\u00f3n y acceso con el\ncentro y que necesita m\u00e1s fluidez en las operaciones de los giros a la derecha,\npara el flujo que viene desde Hip\u00f3lito Yrigoyen hacia la plaza Belgrano\u201d.<\/p>\n\n\n\n<p>Por su parte, Aldo Montiel, destac\u00f3 las tareas de\nmantenimiento en diferentes arterias de la ciudad, refiri\u00e9ndose a avenida 19 de\nabril y puente Gorriti, donde inicia la avenida Martiarena; \u201cen el marco de un\nestudio de circulaci\u00f3n vehicular realizado en forma conjunta con la secretar\u00eda\nde Servicios P\u00fablicos y as\u00ed iniciar, la ejecuci\u00f3n de un giro libre a la derecha\na la salida del puente Gorriti, ingresando a Martiarena\u201d.<\/p>\n\n\n\n<p>Luego, Guillermo Marenco, explic\u00f3 que se est\u00e1 delineando lo\nque ser\u00e1 la 3ra \u2013 4ta.etapa del PIRTra del carril selectivo para las unidades\ndel transporte urbano de pasajeros, junto a sistemas de semaforizaci\u00f3n,\ntrabajos de los giros libres, \u201celementos necesarios para organizar la\ntransitabilidad del sector\u201d. Los trabajos tambi\u00e9n se complementar\u00e1n con\niluminaci\u00f3n LED correspondiente, plan de arborizaci\u00f3n y generaci\u00f3n de canteros\ny separadores, \u201cnecesarios para producir el ordenamiento correspondiente a este\nnuevo plan de movilidad que se lanz\u00f3\u201d.<\/p>\n","protected":false},"excerpt":{"rendered":"<p>La ejecuci\u00f3n de la obra de giro libre a la derecha, a la salida del puente Gorriti, ingresando a la avenida Jos\u00e9 Martiarena, para dotar de una \u00f3ptima organizaci\u00f3n de transitabilidad el sector. Apostados en intersecciones de avenida 19 de abril y puente Gorriti, el Intendente de San Salvador de Jujuy, Ra\u00fal \u201cChuli\u201d Jorge, junto [&hellip;]<\/p>\n","protected":false},"author":5,"featured_media":239222,"comment_status":"open","ping_status":"open","sticky":false,"template":"","format":"standard","meta":{"_stopmodifiedupdate":false,"_modified_date":"","inline_featured_image":false,"spay_email":"","jetpack_publicize_message":"La ejecuci\u00f3n de la obra de giro libre a la derecha, a la salida del puente Gorriti, ingresando a la avenida Jos\u00e9 Martiarena, para dotar de una \u00f3ptima organizaci\u00f3n de transitabilidad el sector."},"categories":[514],"tags":[],"jetpack_featured_media_url":"https:\/\/notinor.com\/jujuy\/wp-content\/uploads\/2020\/05\/giro-libre.jpeg","jetpack_publicize_connections":[],"_links":{"self":[{"href":"https:\/\/notinor.com\/jujuy\/wp-json\/wp\/v2\/posts\/239221"}],"collection":[{"href":"https:\/\/notinor.com\/jujuy\/wp-json\/wp\/v2\/posts"}],"about":[{"href":"https:\/\/notinor.com\/jujuy\/wp-json\/wp\/v2\/types\/post"}],"author":[{"embeddable":true,"href":"https:\/\/notinor.com\/jujuy\/wp-json\/wp\/v2\/users\/5"}],"replies":[{"embeddable":true,"href":"https:\/\/notinor.com\/jujuy\/wp-json\/wp\/v2\/comments?post=239221"}],"version-history":[{"count":1,"href":"https:\/\/notinor.com\/jujuy\/wp-json\/wp\/v2\/posts\/239221\/revisions"}],"predecessor-version":[{"id":239223,"href":"https:\/\/notinor.com\/jujuy\/wp-json\/wp\/v2\/posts\/239221\/revisions\/239223"}],"wp:featuredmedia":[{"embeddable":true,"href":"https:\/\/notinor.com\/jujuy\/wp-json\/wp\/v2\/media\/239222"}],"wp:attachment":[{"href":"https:\/\/notinor.com\/jujuy\/wp-json\/wp\/v2\/media?parent=239221"}],"wp:term":[{"taxonomy":"category","embeddable":true,"href":"https:\/\/notinor.com\/jujuy\/wp-json\/wp\/v2\/categories?post=239221"},{"taxonomy":"post_tag","embeddable":true,"href":"https:\/\/notinor.com\/jujuy\/wp-json\/wp\/v2\/tags?post=239221"}],"curies":[{"name":"wp","href":"https:\/\/api.w.org\/{rel}","templated":true}]}}