{"id":239209,"date":"2020-05-12T20:08:00","date_gmt":"2020-05-12T23:08:00","guid":{"rendered":"https:\/\/notinor.com\/jujuy\/?p=239209"},"modified":"2020-05-14T13:13:04","modified_gmt":"2020-05-14T16:13:04","slug":"reabrio-el-paseo-de-las-flores","status":"publish","type":"post","link":"https:\/\/notinor.com\/jujuy\/reabrio-el-paseo-de-las-flores\/","title":{"rendered":"Reabri\u00f3 el \u201cPaseo de las Flores\u201d"},"content":{"rendered":"\n<p>Fue rehabilitado al p\u00fablico en el horario de 9 a 19h, de\nlunes a s\u00e1bado, tras cumplimentarse con el protocolo de prevenci\u00f3n del Covid-19\ny el Dengue, por parte de los locatarios.<\/p>\n\n\n\n<figure class=\"wp-block-image size-large\"><img decoding=\"async\" loading=\"lazy\" width=\"676\" height=\"480\" src=\"https:\/\/notinor.com\/jujuy\/wp-content\/uploads\/2020\/05\/PASEO-676x480.jpeg\" alt=\"\" class=\"wp-image-239210\" srcset=\"https:\/\/notinor.com\/jujuy\/wp-content\/uploads\/2020\/05\/PASEO-676x480.jpeg 676w, https:\/\/notinor.com\/jujuy\/wp-content\/uploads\/2020\/05\/PASEO-514x365.jpeg 514w, https:\/\/notinor.com\/jujuy\/wp-content\/uploads\/2020\/05\/PASEO.jpeg 741w\" sizes=\"(max-width: 676px) 100vw, 676px\" \/><\/figure>\n\n\n\n<p class=\"has-background has-vivid-cyan-blue-background-color\"><strong>Luego de casi dos meses de haber cerrado sus accesos por la pandemia, 16 locatarios volvieron a exponer al p\u00fablico sus productos y manifestaron su benepl\u00e1cito por volver a sus espacios de trabajo.<\/strong><\/p>\n\n\n\n<p>&nbsp;\u201cA partir de la\nfecha, tras cumplirse con el protocolo contra la pandemia Covid-19 y sobre el\nDengue, se han acatado el cien por ciento de las instrucciones preventivas, por\ntal motivo se rehabilita la atenci\u00f3n al p\u00fablico que ser\u00e1 de 9 a 19 horas de\nlunes a s\u00e1bado\u201d, afirm\u00f3 Rosa Larrieu, director de Mercados y Ferias.<\/p>\n\n\n\n<p>Precis\u00f3 el funcionario que \u201cse demarc\u00f3 la circulaci\u00f3n en las\npasarelas internas, se instalaron carteler\u00edas sobre el uso del barbijo, cada\nlocatario contar\u00e1 con alcohol en gel y se manipular\u00e1n las flores con guantes,\nentre otras opciones de cuidado\u201d.<\/p>\n\n\n\n<p>En tanto, Ana Berta Guari, referente de los vendedores\nagradeci\u00f3 a la Municipalidad Capitalina por \u201cpermitir la reapertura del espacio\ncomercial, atendiendo la necesidad de los que queremos trabajar despu\u00e9s de m\u00e1s\nde 40 d\u00edas sin ingresos\u201d, a\u00f1adi\u00f3.<\/p>\n","protected":false},"excerpt":{"rendered":"<p>Fue rehabilitado al p\u00fablico en el horario de 9 a 19h, de lunes a s\u00e1bado, tras cumplimentarse con el protocolo de prevenci\u00f3n del Covid-19 y el Dengue, por parte de los locatarios. Luego de casi dos meses de haber cerrado sus accesos por la pandemia, 16 locatarios volvieron a exponer al p\u00fablico sus productos y [&hellip;]<\/p>\n","protected":false},"author":5,"featured_media":239211,"comment_status":"open","ping_status":"open","sticky":false,"template":"","format":"standard","meta":{"_stopmodifiedupdate":false,"_modified_date":"","inline_featured_image":false,"spay_email":"","jetpack_publicize_message":"Fue rehabilitado al p\u00fablico en el horario de 9 a 19h, de lunes a s\u00e1bado, tras cumplimentarse con el protocolo de prevenci\u00f3n del Covid-19 y el Dengue, por parte de los locatarios."},"categories":[514],"tags":[],"jetpack_featured_media_url":"https:\/\/notinor.com\/jujuy\/wp-content\/uploads\/2020\/05\/PASEO-1.jpeg","jetpack_publicize_connections":[],"_links":{"self":[{"href":"https:\/\/notinor.com\/jujuy\/wp-json\/wp\/v2\/posts\/239209"}],"collection":[{"href":"https:\/\/notinor.com\/jujuy\/wp-json\/wp\/v2\/posts"}],"about":[{"href":"https:\/\/notinor.com\/jujuy\/wp-json\/wp\/v2\/types\/post"}],"author":[{"embeddable":true,"href":"https:\/\/notinor.com\/jujuy\/wp-json\/wp\/v2\/users\/5"}],"replies":[{"embeddable":true,"href":"https:\/\/notinor.com\/jujuy\/wp-json\/wp\/v2\/comments?post=239209"}],"version-history":[{"count":1,"href":"https:\/\/notinor.com\/jujuy\/wp-json\/wp\/v2\/posts\/239209\/revisions"}],"predecessor-version":[{"id":239212,"href":"https:\/\/notinor.com\/jujuy\/wp-json\/wp\/v2\/posts\/239209\/revisions\/239212"}],"wp:featuredmedia":[{"embeddable":true,"href":"https:\/\/notinor.com\/jujuy\/wp-json\/wp\/v2\/media\/239211"}],"wp:attachment":[{"href":"https:\/\/notinor.com\/jujuy\/wp-json\/wp\/v2\/media?parent=239209"}],"wp:term":[{"taxonomy":"category","embeddable":true,"href":"https:\/\/notinor.com\/jujuy\/wp-json\/wp\/v2\/categories?post=239209"},{"taxonomy":"post_tag","embeddable":true,"href":"https:\/\/notinor.com\/jujuy\/wp-json\/wp\/v2\/tags?post=239209"}],"curies":[{"name":"wp","href":"https:\/\/api.w.org\/{rel}","templated":true}]}}