{"id":239203,"date":"2020-05-12T20:55:00","date_gmt":"2020-05-12T23:55:00","guid":{"rendered":"https:\/\/notinor.com\/jujuy\/?p=239203"},"modified":"2020-05-14T13:07:26","modified_gmt":"2020-05-14T16:07:26","slug":"la-experiencia-educativa-de-la-marina-vilte-durante-el-aislamiento","status":"publish","type":"post","link":"https:\/\/notinor.com\/jujuy\/la-experiencia-educativa-de-la-marina-vilte-durante-el-aislamiento\/","title":{"rendered":"La experiencia educativa de la \u201cMarina Vilte\u201d durante el aislamiento"},"content":{"rendered":"\n<p>El intendente, Ra\u00fal \u201cChuli\u201d Jorge, presidi\u00f3 una reuni\u00f3n con\ndirectivos de la comunidad educativa de la Escuela Municipal N\u00b0 1 Maestra\n\u201cMarina Vilte\u201d, en el transcurso del cual se inform\u00f3 sobre el trabajo docente\ncon el alumnado durante el aislamiento social epidemiol\u00f3gico obligatorio por el\ncoronavirus Covid-19.<\/p>\n\n\n\n<figure class=\"wp-block-image size-large\"><img decoding=\"async\" loading=\"lazy\" width=\"750\" height=\"380\" src=\"https:\/\/notinor.com\/jujuy\/wp-content\/uploads\/2020\/05\/MARINA-V.jpeg\" alt=\"\" class=\"wp-image-239206\" srcset=\"https:\/\/notinor.com\/jujuy\/wp-content\/uploads\/2020\/05\/MARINA-V.jpeg 750w, https:\/\/notinor.com\/jujuy\/wp-content\/uploads\/2020\/05\/MARINA-V-660x334.jpeg 660w\" sizes=\"(max-width: 750px) 100vw, 750px\" \/><\/figure>\n\n\n\n<p class=\"has-background has-vivid-cyan-blue-background-color\"><strong>Tras el encuentro, el intendente Jorge sostuvo \u201cel resultado es altamente positivo ya que el informe es concreto, en relaci\u00f3n a las actividades que se est\u00e1n desarrollando a trav\u00e9s de la plataforma virtual para acompa\u00f1ar, en \u00e9poca de pandemia, a los alumnos y a la familia de la \u201cMarina Vilte\u201d.<\/strong><\/p>\n\n\n\n<p>Por su parte, Daniel Amerise, subsecretaria de Desarrollo\nHumano, destac\u00f3 el trabajo de las distintas \u00e1reas del municipio para poner on\nline la plataforma educativa \u201cque es tomada como referencia para otros\nestablecimientos\u201d y felicit\u00f3 adem\u00e1s a los equipos docentes que \u201cest\u00e1n\ndesarrollando distintos foros para acompa\u00f1ar a los docentes\u201d.<\/p>\n\n\n\n<p>En tanto Silvina M\u00e1rquez, directora de Educaci\u00f3n, destac\u00f3\nque \u201cse ha llegado al 95% de la comunidad estudiantil con una herramienta\ndigital que est\u00e1 alojada en la p\u00e1gina web de la Municipalidad, lo cual nos ha\npermitido llevar la informaci\u00f3n on line a todos los estudiantes. Vale destacar\nque hubieron casos donde se acerc\u00f3 en papel, ya que hubo casos donde no se\ncuentan con internet\u201d.<\/p>\n\n\n\n<p>Por su parte, Ana Barros, directora del nivel secundario\ndestac\u00f3, \u201clos docentes y profesores tambi\u00e9n tuvieron que aprender de la\ntecnolog\u00eda, los preceptores tuvieron el trabajo de llamar a los chicos que no\ntrabajaron v\u00eda internet para que el equipo de orientaci\u00f3n se llegase a los\ndomicilios para facilitarles las clases virtuales\u201d.<\/p>\n\n\n\n<p>M\u00f3nica Juste, titular del nivel primario, afirm\u00f3 que \u201cse\ntuvo una llegada casi del cien por ciento sobre el alumnado, fue importante la\nevoluci\u00f3n durante la cuarentena y el compromiso de los docentes con la\ninstituci\u00f3n y los alumnos\u201d.<\/p>\n\n\n\n<p>Por \u00faltimo, Susana Quispia, directora del nivel inicial\nenfatiz\u00f3 que, \u201cresaltamos los trabajos realizados con la familia y con los\ndocentes, los maestros trabajan arduamente con presencia y no se perdi\u00f3 el foco\nde la formaci\u00f3n docente on-line\u201d.<\/p>\n","protected":false},"excerpt":{"rendered":"<p>El intendente, Ra\u00fal \u201cChuli\u201d Jorge, presidi\u00f3 una reuni\u00f3n con directivos de la comunidad educativa de la Escuela Municipal N\u00b0 1 Maestra \u201cMarina Vilte\u201d, en el transcurso del cual se inform\u00f3 sobre el trabajo docente con el alumnado durante el aislamiento social epidemiol\u00f3gico obligatorio por el coronavirus Covid-19. Tras el encuentro, el intendente Jorge sostuvo \u201cel [&hellip;]<\/p>\n","protected":false},"author":5,"featured_media":239207,"comment_status":"open","ping_status":"open","sticky":false,"template":"","format":"standard","meta":{"_stopmodifiedupdate":false,"_modified_date":"","inline_featured_image":false,"spay_email":"","jetpack_publicize_message":"El intendente, Ra\u00fal \u201cChuli\u201d Jorge, presidi\u00f3 una reuni\u00f3n con directivos de la comunidad educativa de la Escuela Municipal N\u00b0 1 Maestra \u201cMarina Vilte\u201d, en el transcurso del cual se inform\u00f3 sobre el trabajo docente con el alumnado durante el aislamiento socia"},"categories":[514],"tags":[],"jetpack_featured_media_url":"https:\/\/notinor.com\/jujuy\/wp-content\/uploads\/2020\/05\/MARINA-V-1.jpeg","jetpack_publicize_connections":[],"_links":{"self":[{"href":"https:\/\/notinor.com\/jujuy\/wp-json\/wp\/v2\/posts\/239203"}],"collection":[{"href":"https:\/\/notinor.com\/jujuy\/wp-json\/wp\/v2\/posts"}],"about":[{"href":"https:\/\/notinor.com\/jujuy\/wp-json\/wp\/v2\/types\/post"}],"author":[{"embeddable":true,"href":"https:\/\/notinor.com\/jujuy\/wp-json\/wp\/v2\/users\/5"}],"replies":[{"embeddable":true,"href":"https:\/\/notinor.com\/jujuy\/wp-json\/wp\/v2\/comments?post=239203"}],"version-history":[{"count":1,"href":"https:\/\/notinor.com\/jujuy\/wp-json\/wp\/v2\/posts\/239203\/revisions"}],"predecessor-version":[{"id":239208,"href":"https:\/\/notinor.com\/jujuy\/wp-json\/wp\/v2\/posts\/239203\/revisions\/239208"}],"wp:featuredmedia":[{"embeddable":true,"href":"https:\/\/notinor.com\/jujuy\/wp-json\/wp\/v2\/media\/239207"}],"wp:attachment":[{"href":"https:\/\/notinor.com\/jujuy\/wp-json\/wp\/v2\/media?parent=239203"}],"wp:term":[{"taxonomy":"category","embeddable":true,"href":"https:\/\/notinor.com\/jujuy\/wp-json\/wp\/v2\/categories?post=239203"},{"taxonomy":"post_tag","embeddable":true,"href":"https:\/\/notinor.com\/jujuy\/wp-json\/wp\/v2\/tags?post=239203"}],"curies":[{"name":"wp","href":"https:\/\/api.w.org\/{rel}","templated":true}]}}