{"id":239129,"date":"2020-05-13T21:22:40","date_gmt":"2020-05-14T00:22:40","guid":{"rendered":"https:\/\/notinor.com\/jujuy\/?p=239129"},"modified":"2020-05-13T23:16:28","modified_gmt":"2020-05-14T02:16:28","slug":"jujuy-cumple-41-dias-sin-covid-19-pero-para-pais-es-un-dia-critico","status":"publish","type":"post","link":"https:\/\/notinor.com\/jujuy\/jujuy-cumple-41-dias-sin-covid-19-pero-para-pais-es-un-dia-critico\/","title":{"rendered":"Jujuy cumple 41 d\u00edas sin covid-19 pero para el pa\u00eds es un d\u00eda cr\u00edtico"},"content":{"rendered":"\n<p>En el d\u00eda de mayor contagio en el pa\u00eds, Jujuy cumple 41 d\u00edas sin coronavirus<\/p>\n\n\n\n<figure class=\"wp-block-image size-large\"><img decoding=\"async\" loading=\"lazy\" width=\"770\" height=\"433\" src=\"https:\/\/notinor.com\/jujuy\/wp-content\/uploads\/2020\/05\/WhatsApp-Image-2020-05-13-at-8.42.32-PM.jpeg\" alt=\"\" class=\"wp-image-239130\" srcset=\"https:\/\/notinor.com\/jujuy\/wp-content\/uploads\/2020\/05\/WhatsApp-Image-2020-05-13-at-8.42.32-PM.jpeg 770w, https:\/\/notinor.com\/jujuy\/wp-content\/uploads\/2020\/05\/WhatsApp-Image-2020-05-13-at-8.42.32-PM-649x365.jpeg 649w, https:\/\/notinor.com\/jujuy\/wp-content\/uploads\/2020\/05\/WhatsApp-Image-2020-05-13-at-8.42.32-PM-500x280.jpeg 500w, https:\/\/notinor.com\/jujuy\/wp-content\/uploads\/2020\/05\/WhatsApp-Image-2020-05-13-at-8.42.32-PM-768x432.jpeg 768w\" sizes=\"(max-width: 770px) 100vw, 770px\" \/><\/figure>\n\n\n\n<p><br> Se confirm\u00f3 que nuestra provincia cumpli\u00f3 41 d\u00edas sin nuevos casos de coronavirus. Se mantiene el n\u00famero hist\u00f3rico de 5 casos importados, los cuales recibieron en su totalidad el alta m\u00e9dico.<\/p>\n\n\n\n<p>En tanto el Ministerio de Salud de la Naci\u00f3n comunic\u00f3 este mi\u00e9rcoles 316 nuevos casos de Covid-19. Con estos registros, suman 6.879 positivos en el pa\u00eds.<\/p>\n\n\n\n<p>Del total de esos casos, 934 (13,6%) son importados, 3.109 (45,2%) son contactos estrechos de casos confirmados, 2.039 (29,6%) son casos de circulaci\u00f3n comunitaria y el resto se encuentra en investigaci\u00f3n epidemiol\u00f3gica.<\/p>\n\n\n\n<p>Tambi\u00e9n se detall\u00f3 que se registraron 8 nuevas muertes. Cinco hombres, tres de 68, 79 y 40 a\u00f1os, residentes en la Ciudad de Buenos Aires (CABA); dos de 78 y 80 a\u00f1os, residentes en la provincia de Buenos Aires; y tres mujeres, una de 57 a\u00f1os, residente en la provincia de Chaco; otra de 73 a\u00f1os, residente en la provincia de de Buenos Aires; y una de 79 a\u00f1os, residente en la Ciudad de Buenos Aires (CABA). Al momento la cantidad de personas fallecidas es 329.<\/p>\n\n\n\n<p>Detalle por provincia (N\u00ba de confirmados | N\u00ba de acumulados)<br>\nBuenos Aires 96 | 2.332<br>\nCiudad de Buenos Aires 178 | 2.465<br>\nCatamarca 0 | 0<br>\nChaco 18 | 504<br>\nChubut 0 | 4<br>\nC\u00f3rdoba 11 | 361<br>\nCorrientes 5 | 76<br>\nEntre R\u00edos 1 | 29<br>\nFormosa 0 | 0<br>\nJujuy 0 | 5<br>\nLa Pampa 0 | 5<br>\nLa Rioja 0 | 60<br>\nMendoza 1 | 88<br>\nMisiones 0 | 25<br>\nNeuqu\u00e9n 2 | 113<br>\nR\u00edo Negro 4 | 294<br>\nSalta 0 | 5<br>\nSan Juan 0 | 3<br>\nSan Luis 0 | 11<br>\nSanta Cruz 0 | 49<br>\nSanta Fe 0 | 244<br>\nSantiago del Estero 0 | 16<br>\nTierra del Fuego 0 | 148<br>\nTucum\u00e1n 0 | 42<\/p>\n","protected":false},"excerpt":{"rendered":"<p>En el d\u00eda de mayor contagio en el pa\u00eds, Jujuy cumple 41 d\u00edas sin coronavirus Se confirm\u00f3 que nuestra provincia cumpli\u00f3 41 d\u00edas sin nuevos casos de coronavirus. Se mantiene el n\u00famero hist\u00f3rico de 5 casos importados, los cuales recibieron en su totalidad el alta m\u00e9dico. En tanto el Ministerio de Salud de la Naci\u00f3n [&hellip;]<\/p>\n","protected":false},"author":1,"featured_media":239130,"comment_status":"open","ping_status":"open","sticky":false,"template":"","format":"standard","meta":{"_stopmodifiedupdate":false,"_modified_date":"","inline_featured_image":false,"spay_email":"","jetpack_publicize_message":""},"categories":[2],"tags":[],"jetpack_featured_media_url":"https:\/\/notinor.com\/jujuy\/wp-content\/uploads\/2020\/05\/WhatsApp-Image-2020-05-13-at-8.42.32-PM.jpeg","jetpack_publicize_connections":[],"_links":{"self":[{"href":"https:\/\/notinor.com\/jujuy\/wp-json\/wp\/v2\/posts\/239129"}],"collection":[{"href":"https:\/\/notinor.com\/jujuy\/wp-json\/wp\/v2\/posts"}],"about":[{"href":"https:\/\/notinor.com\/jujuy\/wp-json\/wp\/v2\/types\/post"}],"author":[{"embeddable":true,"href":"https:\/\/notinor.com\/jujuy\/wp-json\/wp\/v2\/users\/1"}],"replies":[{"embeddable":true,"href":"https:\/\/notinor.com\/jujuy\/wp-json\/wp\/v2\/comments?post=239129"}],"version-history":[{"count":3,"href":"https:\/\/notinor.com\/jujuy\/wp-json\/wp\/v2\/posts\/239129\/revisions"}],"predecessor-version":[{"id":239139,"href":"https:\/\/notinor.com\/jujuy\/wp-json\/wp\/v2\/posts\/239129\/revisions\/239139"}],"wp:featuredmedia":[{"embeddable":true,"href":"https:\/\/notinor.com\/jujuy\/wp-json\/wp\/v2\/media\/239130"}],"wp:attachment":[{"href":"https:\/\/notinor.com\/jujuy\/wp-json\/wp\/v2\/media?parent=239129"}],"wp:term":[{"taxonomy":"category","embeddable":true,"href":"https:\/\/notinor.com\/jujuy\/wp-json\/wp\/v2\/categories?post=239129"},{"taxonomy":"post_tag","embeddable":true,"href":"https:\/\/notinor.com\/jujuy\/wp-json\/wp\/v2\/tags?post=239129"}],"curies":[{"name":"wp","href":"https:\/\/api.w.org\/{rel}","templated":true}]}}