{"id":239123,"date":"2020-05-13T21:15:16","date_gmt":"2020-05-14T00:15:16","guid":{"rendered":"https:\/\/notinor.com\/jujuy\/?p=239123"},"modified":"2020-05-13T22:40:17","modified_gmt":"2020-05-14T01:40:17","slug":"colectivos-levantan-paro-tras-acordar-compromiso-de-pago-gestiones-de-ultimo-momento-permitieron-llegar-una-posible-solucion-en-nuestra-provincia","status":"publish","type":"post","link":"https:\/\/notinor.com\/jujuy\/colectivos-levantan-paro-tras-acordar-compromiso-de-pago-gestiones-de-ultimo-momento-permitieron-llegar-una-posible-solucion-en-nuestra-provincia\/","title":{"rendered":"Colectivos: levantan paro tras acordar compromiso de pago"},"content":{"rendered":"\n<p>Gestiones de \u00faltimo momento permitieron llegar una posible soluci\u00f3n en nuestra provincia.<br> El conflicto por la falta de pago salarial por parte de las empresas del transporte p\u00fablico de pasajeros a los choferes encontr\u00f3 una v\u00eda de soluci\u00f3n, al menos provisoria, que permite garantizar los servicios durante esta semana en Jujuy<br> El secretario general de la UTA, Sergio Lobo precis\u00f3 que est\u00e1n un proceso de negociaci\u00f3n con empresarios para que se concrete el pago de los haberes adeudados a los trabajadores. Hasta el momento se realiz\u00f3 un pago parcial de alrededor del 70%, que permitir\u00eda garantizar el servicio<br> Sin embargo, en las pr\u00f3ximas horas, el gremio que nuclea a los choferes emitieron un comunicado oficial.<\/p>\n\n\n\n<figure class=\"wp-block-image size-large\"><img decoding=\"async\" loading=\"lazy\" width=\"900\" height=\"600\" src=\"https:\/\/i2.wp.com\/notinor.com\/jujuy\/wp-content\/uploads\/2020\/05\/WhatsApp-Image-2020-05-13-at-8.41.41-PM.jpeg?fit=720%2C480&amp;ssl=1\" alt=\"\" class=\"wp-image-239124\" srcset=\"https:\/\/notinor.com\/jujuy\/wp-content\/uploads\/2020\/05\/WhatsApp-Image-2020-05-13-at-8.41.41-PM.jpeg 900w, https:\/\/notinor.com\/jujuy\/wp-content\/uploads\/2020\/05\/WhatsApp-Image-2020-05-13-at-8.41.41-PM-548x365.jpeg 548w, https:\/\/notinor.com\/jujuy\/wp-content\/uploads\/2020\/05\/WhatsApp-Image-2020-05-13-at-8.41.41-PM-720x480.jpeg 720w, https:\/\/notinor.com\/jujuy\/wp-content\/uploads\/2020\/05\/WhatsApp-Image-2020-05-13-at-8.41.41-PM-768x512.jpeg 768w, https:\/\/notinor.com\/jujuy\/wp-content\/uploads\/2020\/05\/WhatsApp-Image-2020-05-13-at-8.41.41-PM-400x266.jpeg 400w\" sizes=\"(max-width: 900px) 100vw, 900px\" \/><\/figure>\n","protected":false},"excerpt":{"rendered":"<p>Gestiones de \u00faltimo momento permitieron llegar una posible soluci\u00f3n en nuestra provincia. El conflicto por la falta de pago salarial por parte de las empresas del transporte p\u00fablico de pasajeros a los choferes encontr\u00f3 una v\u00eda de soluci\u00f3n, al menos provisoria, que permite garantizar los servicios durante esta semana en Jujuy El secretario general de [&hellip;]<\/p>\n","protected":false},"author":1,"featured_media":239124,"comment_status":"open","ping_status":"open","sticky":false,"template":"","format":"standard","meta":{"_stopmodifiedupdate":false,"_modified_date":"","inline_featured_image":false,"spay_email":"","jetpack_publicize_message":""},"categories":[2],"tags":[],"jetpack_featured_media_url":"https:\/\/notinor.com\/jujuy\/wp-content\/uploads\/2020\/05\/WhatsApp-Image-2020-05-13-at-8.41.41-PM.jpeg","jetpack_publicize_connections":[],"_links":{"self":[{"href":"https:\/\/notinor.com\/jujuy\/wp-json\/wp\/v2\/posts\/239123"}],"collection":[{"href":"https:\/\/notinor.com\/jujuy\/wp-json\/wp\/v2\/posts"}],"about":[{"href":"https:\/\/notinor.com\/jujuy\/wp-json\/wp\/v2\/types\/post"}],"author":[{"embeddable":true,"href":"https:\/\/notinor.com\/jujuy\/wp-json\/wp\/v2\/users\/1"}],"replies":[{"embeddable":true,"href":"https:\/\/notinor.com\/jujuy\/wp-json\/wp\/v2\/comments?post=239123"}],"version-history":[{"count":2,"href":"https:\/\/notinor.com\/jujuy\/wp-json\/wp\/v2\/posts\/239123\/revisions"}],"predecessor-version":[{"id":239132,"href":"https:\/\/notinor.com\/jujuy\/wp-json\/wp\/v2\/posts\/239123\/revisions\/239132"}],"wp:featuredmedia":[{"embeddable":true,"href":"https:\/\/notinor.com\/jujuy\/wp-json\/wp\/v2\/media\/239124"}],"wp:attachment":[{"href":"https:\/\/notinor.com\/jujuy\/wp-json\/wp\/v2\/media?parent=239123"}],"wp:term":[{"taxonomy":"category","embeddable":true,"href":"https:\/\/notinor.com\/jujuy\/wp-json\/wp\/v2\/categories?post=239123"},{"taxonomy":"post_tag","embeddable":true,"href":"https:\/\/notinor.com\/jujuy\/wp-json\/wp\/v2\/tags?post=239123"}],"curies":[{"name":"wp","href":"https:\/\/api.w.org\/{rel}","templated":true}]}}