{"id":239119,"date":"2020-05-13T20:28:56","date_gmt":"2020-05-13T23:28:56","guid":{"rendered":"https:\/\/notinor.com\/jujuy\/?p=239119"},"modified":"2020-05-13T20:30:12","modified_gmt":"2020-05-13T23:30:12","slug":"manifestacion-en-suiza-contra-la-implantacion-del-5g","status":"publish","type":"post","link":"https:\/\/notinor.com\/jujuy\/manifestacion-en-suiza-contra-la-implantacion-del-5g\/","title":{"rendered":"Manifestaci\u00f3n en Suiza contra la implantaci\u00f3n del 5G"},"content":{"rendered":"\n<figure class=\"wp-block-image\"><img decoding=\"async\" src=\"https:\/\/www.dw.com\/image\/50532571_303.jpg\" alt=\"Schweiz Demonstration 5G (picture-alliance\/Keystone\/A. Anex)\"\/><\/figure>\n\n\n\n<p>Varios miles de personas se manifestaron el s\u00e1bado en Berna para expresar su rechazo a la instalaci\u00f3n de redes de telefon\u00eda m\u00f3vil 5G en Suiza. \"Que hoy tanta gente se haya manifestado es una se\u00f1al fuerte contra la introducci\u00f3n descontrolada del 5G\", se felicit\u00f3 en un comunicado Tamin Schibles Ulmann, copresidente de Frenquencia, la asociaci\u00f3n organizadora de la protesta. Los opositores intentan impulsar una iniciativa para organizar un refer\u00e9ndum sobre el desarrollo del 5G en Suiza. Para lograr organizarlo, necesitan reunir 100.000 firmas en 18 meses.<\/p>\n\n\n\n<figure class=\"wp-block-video\"><video controls src=\"https:\/\/notinor.com\/jujuy\/wp-content\/uploads\/2020\/05\/WhatsApp-Video-2020-05-12-at-8.47.23-PM.mp4\"><\/video><\/figure>\n\n\n\n<p>\"Boicot al 5G\" o \"Siempre m\u00e1s r\u00e1pido, m\u00e1s arriba, m\u00e1s lejos, en perjuicio del hombre y el medio ambiente, Stop 5G\", se pod\u00eda leer en las pancartas de los manifestantes, concentrados delante del Parlamento suizo, para denunciar una tecnolog\u00eda que consideran perjudicial para la salud y que expone a la poblaci\u00f3n a una \"radiaci\u00f3n forzada\". Despu\u00e9s de Corea del Sur, Suiza es uno de los primeros pa\u00edses en el mundo que apuesta por instalar redes 5G, una infraestructura de telefon\u00eda m\u00f3vil que enfrenta a China y Estados Unidos.<\/p>\n\n\n\n<p>El Gobierno suizo dio licencia para operar redes 5G a las tres principales compa\u00f1\u00edas telef\u00f3nicas del pa\u00eds, y la primera de ellas, Swisscom, puso en marcha esta tecnolog\u00eda el 17 de abril en 54 localidades del pa\u00eds, entre ellas Berna y otras grandes ciudades. Varios gobiernos locales, sin embargo, han mostrado cautela ante los posibles efectos perjudiciales que sobre la salud podr\u00edan generar las antenas y los campos electromagn\u00e9ticos creados por ellas y congelaron los procedimientos para desplegar antenas 5G.<\/p>\n\n\n\n<p>La muy influyente Federaci\u00f3n suiza de m\u00e9dicos (FMH) tambi\u00e9n pidi\u00f3 prudencia ante el desarrollo de esta tecnolog\u00eda, con el argumento de que \"mientras no se haya comprobado cient\u00edficamente que un aumento de los valores m\u00e1ximos de las radiofrecuencias no tiene ning\u00fan impacto para la salud, se deber\u00eda renunciar a aumentarlos\".&nbsp;<\/p>\n","protected":false},"excerpt":{"rendered":"<p>Varios miles de personas se manifestaron el s\u00e1bado en Berna para expresar su rechazo a la instalaci\u00f3n de redes de telefon\u00eda m\u00f3vil 5G en Suiza. \"Que hoy tanta gente se haya manifestado es una se\u00f1al fuerte contra la introducci\u00f3n descontrolada del 5G\", se felicit\u00f3 en un comunicado Tamin Schibles Ulmann, copresidente de Frenquencia, la asociaci\u00f3n [&hellip;]<\/p>\n","protected":false},"author":40,"featured_media":239121,"comment_status":"open","ping_status":"open","sticky":false,"template":"","format":"standard","meta":{"_stopmodifiedupdate":false,"_modified_date":"","inline_featured_image":false,"spay_email":"","jetpack_publicize_message":""},"categories":[17],"tags":[],"jetpack_featured_media_url":"https:\/\/notinor.com\/jujuy\/wp-content\/uploads\/2020\/05\/50532571_303.jpg","jetpack_publicize_connections":[],"_links":{"self":[{"href":"https:\/\/notinor.com\/jujuy\/wp-json\/wp\/v2\/posts\/239119"}],"collection":[{"href":"https:\/\/notinor.com\/jujuy\/wp-json\/wp\/v2\/posts"}],"about":[{"href":"https:\/\/notinor.com\/jujuy\/wp-json\/wp\/v2\/types\/post"}],"author":[{"embeddable":true,"href":"https:\/\/notinor.com\/jujuy\/wp-json\/wp\/v2\/users\/40"}],"replies":[{"embeddable":true,"href":"https:\/\/notinor.com\/jujuy\/wp-json\/wp\/v2\/comments?post=239119"}],"version-history":[{"count":1,"href":"https:\/\/notinor.com\/jujuy\/wp-json\/wp\/v2\/posts\/239119\/revisions"}],"predecessor-version":[{"id":239122,"href":"https:\/\/notinor.com\/jujuy\/wp-json\/wp\/v2\/posts\/239119\/revisions\/239122"}],"wp:featuredmedia":[{"embeddable":true,"href":"https:\/\/notinor.com\/jujuy\/wp-json\/wp\/v2\/media\/239121"}],"wp:attachment":[{"href":"https:\/\/notinor.com\/jujuy\/wp-json\/wp\/v2\/media?parent=239119"}],"wp:term":[{"taxonomy":"category","embeddable":true,"href":"https:\/\/notinor.com\/jujuy\/wp-json\/wp\/v2\/categories?post=239119"},{"taxonomy":"post_tag","embeddable":true,"href":"https:\/\/notinor.com\/jujuy\/wp-json\/wp\/v2\/tags?post=239119"}],"curies":[{"name":"wp","href":"https:\/\/api.w.org\/{rel}","templated":true}]}}