{"id":239105,"date":"2020-05-13T17:23:26","date_gmt":"2020-05-13T20:23:26","guid":{"rendered":"https:\/\/notinor.com\/jujuy\/?p=239105"},"modified":"2020-05-13T17:23:31","modified_gmt":"2020-05-13T20:23:31","slug":"servicio-de-cobro-de-estacionamiento-tarifado","status":"publish","type":"post","link":"https:\/\/notinor.com\/jujuy\/servicio-de-cobro-de-estacionamiento-tarifado\/","title":{"rendered":"SERVICIO DE COBRO DE ESTACIONAMIENTO TARIFADO"},"content":{"rendered":"\n<figure class=\"wp-block-image size-large\"><img decoding=\"async\" loading=\"lazy\" width=\"1280\" height=\"1280\" src=\"https:\/\/i0.wp.com\/notinor.com\/jujuy\/wp-content\/uploads\/2020\/05\/WhatsApp-Image-2020-05-13-at-4.59.00-PM.jpeg?fit=480%2C480&amp;ssl=1\" alt=\"\" class=\"wp-image-239106\" srcset=\"https:\/\/notinor.com\/jujuy\/wp-content\/uploads\/2020\/05\/WhatsApp-Image-2020-05-13-at-4.59.00-PM.jpeg 1280w, https:\/\/notinor.com\/jujuy\/wp-content\/uploads\/2020\/05\/WhatsApp-Image-2020-05-13-at-4.59.00-PM-365x365.jpeg 365w, https:\/\/notinor.com\/jujuy\/wp-content\/uploads\/2020\/05\/WhatsApp-Image-2020-05-13-at-4.59.00-PM-480x480.jpeg 480w, https:\/\/notinor.com\/jujuy\/wp-content\/uploads\/2020\/05\/WhatsApp-Image-2020-05-13-at-4.59.00-PM-768x768.jpeg 768w, https:\/\/notinor.com\/jujuy\/wp-content\/uploads\/2020\/05\/WhatsApp-Image-2020-05-13-at-4.59.00-PM-100x100.jpeg 100w, https:\/\/notinor.com\/jujuy\/wp-content\/uploads\/2020\/05\/WhatsApp-Image-2020-05-13-at-4.59.00-PM-75x75.jpeg 75w\" sizes=\"(max-width: 1280px) 100vw, 1280px\" \/><\/figure>\n\n\n\n<p>CIUDAD PERICO MI\u00c9RCOLES 13 DE MAYO DE 2020. <\/p>\n\n\n\n<p> EL MUNICIPIO DE CIUDAD PERICO INFORMA QUE A PARTIR DEL D\u00cdA LUNES 18 DE MAYO DEL CTE. A\u00d1O RETOMA EL <strong>SERVICIO DE COBRO DE ESTACIONAMIENTO TARIFADO<\/strong> EN LAS CALLES QUE RODEAN A LA PLAZA SAN MART\u00cdN CUYAS \u00c1REAS EST\u00c1N COMPRENDIDAS POR LAS CALLES ALBERDI, 9 DE JULIO, MARIANO MORENO Y LAVALLE. LOS D\u00cdAS ESTABLECIDOS PARA EL COBRO SER\u00c1 DE LUNES A VIERNES DE 08:00 A 12:00 Y DE 17: A 21:00 HS.  EL PRECIO POR HORA DEL ESTACIONAMIENTO ES DE $ 20.                                                                                                                                   - EN EL LUGAR ESTAR\u00c1N LAS PERSONAS ENCARGADAS DE VENDER LAS TARJETAS PARA EL PAGO DEL SERVICIO.<\/p>\n","protected":false},"excerpt":{"rendered":"<p>CIUDAD PERICO MI\u00c9RCOLES 13 DE MAYO DE 2020. EL MUNICIPIO DE CIUDAD PERICO INFORMA QUE A PARTIR DEL D\u00cdA LUNES 18 DE MAYO DEL CTE. A\u00d1O RETOMA EL SERVICIO DE COBRO DE ESTACIONAMIENTO TARIFADO EN LAS CALLES QUE RODEAN A LA PLAZA SAN MART\u00cdN CUYAS \u00c1REAS EST\u00c1N COMPRENDIDAS POR LAS CALLES ALBERDI, 9 DE JULIO, [&hellip;]<\/p>\n","protected":false},"author":1,"featured_media":239106,"comment_status":"open","ping_status":"open","sticky":false,"template":"","format":"standard","meta":{"_stopmodifiedupdate":false,"_modified_date":"","inline_featured_image":false,"spay_email":"","jetpack_publicize_message":""},"categories":[4],"tags":[],"jetpack_featured_media_url":"https:\/\/notinor.com\/jujuy\/wp-content\/uploads\/2020\/05\/WhatsApp-Image-2020-05-13-at-4.59.00-PM.jpeg","jetpack_publicize_connections":[],"_links":{"self":[{"href":"https:\/\/notinor.com\/jujuy\/wp-json\/wp\/v2\/posts\/239105"}],"collection":[{"href":"https:\/\/notinor.com\/jujuy\/wp-json\/wp\/v2\/posts"}],"about":[{"href":"https:\/\/notinor.com\/jujuy\/wp-json\/wp\/v2\/types\/post"}],"author":[{"embeddable":true,"href":"https:\/\/notinor.com\/jujuy\/wp-json\/wp\/v2\/users\/1"}],"replies":[{"embeddable":true,"href":"https:\/\/notinor.com\/jujuy\/wp-json\/wp\/v2\/comments?post=239105"}],"version-history":[{"count":1,"href":"https:\/\/notinor.com\/jujuy\/wp-json\/wp\/v2\/posts\/239105\/revisions"}],"predecessor-version":[{"id":239107,"href":"https:\/\/notinor.com\/jujuy\/wp-json\/wp\/v2\/posts\/239105\/revisions\/239107"}],"wp:featuredmedia":[{"embeddable":true,"href":"https:\/\/notinor.com\/jujuy\/wp-json\/wp\/v2\/media\/239106"}],"wp:attachment":[{"href":"https:\/\/notinor.com\/jujuy\/wp-json\/wp\/v2\/media?parent=239105"}],"wp:term":[{"taxonomy":"category","embeddable":true,"href":"https:\/\/notinor.com\/jujuy\/wp-json\/wp\/v2\/categories?post=239105"},{"taxonomy":"post_tag","embeddable":true,"href":"https:\/\/notinor.com\/jujuy\/wp-json\/wp\/v2\/tags?post=239105"}],"curies":[{"name":"wp","href":"https:\/\/api.w.org\/{rel}","templated":true}]}}