{"id":239101,"date":"2020-05-13T16:41:36","date_gmt":"2020-05-13T19:41:36","guid":{"rendered":"https:\/\/notinor.com\/jujuy\/?p=239101"},"modified":"2020-05-13T16:41:41","modified_gmt":"2020-05-13T19:41:41","slug":"trump-el-mundo-fue-golpeado-por-la-plaga-de-china","status":"publish","type":"post","link":"https:\/\/notinor.com\/jujuy\/trump-el-mundo-fue-golpeado-por-la-plaga-de-china\/","title":{"rendered":"Trump: \"El mundo fue golpeado por la plaga de China\""},"content":{"rendered":"\n<p>A trav\u00e9s de Twitter el mandatario estadounidense culp\u00f3 al\ngigante asi\u00e1tico por la pandemia y adem\u00e1s se refiri\u00f3 a la guerra comercial\nentre ambas naciones.<\/p>\n\n\n\n<figure class=\"wp-block-image size-large\"><img decoding=\"async\" loading=\"lazy\" width=\"840\" height=\"428\" src=\"https:\/\/notinor.com\/jujuy\/wp-content\/uploads\/2020\/05\/TRUMP-840x428.jpg\" alt=\"\" class=\"wp-image-239103\" srcset=\"https:\/\/notinor.com\/jujuy\/wp-content\/uploads\/2020\/05\/TRUMP-840x428.jpg 840w, https:\/\/notinor.com\/jujuy\/wp-content\/uploads\/2020\/05\/TRUMP-660x336.jpg 660w, https:\/\/notinor.com\/jujuy\/wp-content\/uploads\/2020\/05\/TRUMP-768x391.jpg 768w, https:\/\/notinor.com\/jujuy\/wp-content\/uploads\/2020\/05\/TRUMP.jpg 962w\" sizes=\"(max-width: 840px) 100vw, 840px\" \/><\/figure>\n\n\n\n<p class=\"has-background has-vivid-cyan-blue-background-color\"><strong>El presidente de Estados Unidos, Donald Trump, se proununci\u00f3 sobre el tema de la pandemia del coronavirus como \"la plaga de China\" y asegur\u00f3 que los tratados comerciales con el pa\u00eds asi\u00e1tico resultan muy caros. <\/strong><\/p>\n\n\n\n<p>\"Como dije durante mucho tiempo, tratar con China es\nalgo muy costoso. Nosotros acab\u00e1bamos de hacer un gran trato comercial, la\ntinta apenas estaba seca y el mundo fue golpeado por la plaga de China\",\nescribi\u00f3 este mi\u00e9rcoles el mandatario a trav\u00e9s de Twitter.<\/p>\n\n\n\n<p>Asimismo, se refiri\u00f3 a la guerra comercial entre ambas\nnaciones&nbsp; y asegur\u00f3 que \"100 tratos\ncomerciales no har\u00edan la diferencia\", teniendo en cuenta \"\u00a1todas esas\nvidas inocentes perdidas!\".<\/p>\n\n\n\n<p>Las acusaciones del mandatario contra Pek\u00edn se repitieron en\nreiteradas ocasiones a lo largo de la crisis sanitaria. Semanas atr\u00e1s, Trump\nafirm\u00f3 que estaba convencido de que el virus fue creado en un laboratorio de\nWuhan y luego declar\u00f3 que \"dentro de un tiempo\" su pa\u00eds publicar\u00eda un\ninforme con detalles sobre el origen del COVID-19. <\/p>\n\n\n\n<p>Tiempo despu\u00e9s, el Presidente expres\u00f3 que no cree que China\nliber\u00f3 al coronavirus de forma intencional. \"Hicieron algo terrible. No\ncreo que lo hicieran a prop\u00f3sito, pero ocurri\u00f3, tal vez debido a la\nincompetencia. Es posible que (el virus) se liberara y no supieran c\u00f3mo\ndecirlo\", sugiri\u00f3.<\/p>\n\n\n\n<p>Por otro lado, el \u00faltimo martes un grupo de senadores\nrepublicanos present\u00f3 un proyecto de ley que har\u00eda posible que Estados Unidos\nsancione a China por su negativa a cooperar en las investigaciones sobre los\nor\u00edgenes del coronavirus. Sin embargo, Pek\u00edn expres\u00f3 \"una fuerte\nprotesta\" al respecto. <\/p>\n\n\n\n<p>\"El proyecto de ley presentado por algunos senadores\nestadounidenses descuida absolutamente los hechos. Quieren comenzar una\ninvestigaci\u00f3n con la presunci\u00f3n de culpabilidad para echar toda la\nresponsabilidad a China por no luchar contra la epidemia. Esto es\nimposible\", plante\u00f3 el representante de la Canciller\u00eda del pa\u00eds asi\u00e1tico,\nZhao Lijian, en una rueda de prensa.<\/p>\n","protected":false},"excerpt":{"rendered":"<p>A trav\u00e9s de Twitter el mandatario estadounidense culp\u00f3 al gigante asi\u00e1tico por la pandemia y adem\u00e1s se refiri\u00f3 a la guerra comercial entre ambas naciones. El presidente de Estados Unidos, Donald Trump, se proununci\u00f3 sobre el tema de la pandemia del coronavirus como \"la plaga de China\" y asegur\u00f3 que los tratados comerciales con el [&hellip;]<\/p>\n","protected":false},"author":5,"featured_media":239103,"comment_status":"open","ping_status":"open","sticky":false,"template":"","format":"standard","meta":{"_stopmodifiedupdate":false,"_modified_date":"","inline_featured_image":false,"spay_email":"","jetpack_publicize_message":"A trav\u00e9s de Twitter el mandatario estadounidense culp\u00f3 al gigante asi\u00e1tico por la pandemia y adem\u00e1s se refiri\u00f3 a la guerra comercial entre ambas naciones."},"categories":[6],"tags":[],"jetpack_featured_media_url":"https:\/\/notinor.com\/jujuy\/wp-content\/uploads\/2020\/05\/TRUMP.jpg","jetpack_publicize_connections":[],"_links":{"self":[{"href":"https:\/\/notinor.com\/jujuy\/wp-json\/wp\/v2\/posts\/239101"}],"collection":[{"href":"https:\/\/notinor.com\/jujuy\/wp-json\/wp\/v2\/posts"}],"about":[{"href":"https:\/\/notinor.com\/jujuy\/wp-json\/wp\/v2\/types\/post"}],"author":[{"embeddable":true,"href":"https:\/\/notinor.com\/jujuy\/wp-json\/wp\/v2\/users\/5"}],"replies":[{"embeddable":true,"href":"https:\/\/notinor.com\/jujuy\/wp-json\/wp\/v2\/comments?post=239101"}],"version-history":[{"count":1,"href":"https:\/\/notinor.com\/jujuy\/wp-json\/wp\/v2\/posts\/239101\/revisions"}],"predecessor-version":[{"id":239104,"href":"https:\/\/notinor.com\/jujuy\/wp-json\/wp\/v2\/posts\/239101\/revisions\/239104"}],"wp:featuredmedia":[{"embeddable":true,"href":"https:\/\/notinor.com\/jujuy\/wp-json\/wp\/v2\/media\/239103"}],"wp:attachment":[{"href":"https:\/\/notinor.com\/jujuy\/wp-json\/wp\/v2\/media?parent=239101"}],"wp:term":[{"taxonomy":"category","embeddable":true,"href":"https:\/\/notinor.com\/jujuy\/wp-json\/wp\/v2\/categories?post=239101"},{"taxonomy":"post_tag","embeddable":true,"href":"https:\/\/notinor.com\/jujuy\/wp-json\/wp\/v2\/tags?post=239101"}],"curies":[{"name":"wp","href":"https:\/\/api.w.org\/{rel}","templated":true}]}}