{"id":239096,"date":"2020-05-13T16:13:03","date_gmt":"2020-05-13T19:13:03","guid":{"rendered":"https:\/\/notinor.com\/jujuy\/?p=239096"},"modified":"2020-05-13T16:13:09","modified_gmt":"2020-05-13T19:13:09","slug":"capacitaran-a-emprendedores-en-ingles-frances-y-portugues","status":"publish","type":"post","link":"https:\/\/notinor.com\/jujuy\/capacitaran-a-emprendedores-en-ingles-frances-y-portugues\/","title":{"rendered":"Capacitar\u00e1n a emprendedores en ingl\u00e9s, franc\u00e9s y portugu\u00e9s"},"content":{"rendered":"\n<p>Con el prop\u00f3sito de potenciar los emprendimientos locales,\nel Ministerio de Desarrollo Econ\u00f3mico y Producci\u00f3n firm\u00f3 un convenio con\nprofesoras de franc\u00e9s, portugu\u00e9s e ingl\u00e9s para que los creativos puedan ofrecer\nsus productos en estos idiomas.<\/p>\n\n\n\n<figure class=\"wp-block-image size-large\"><img decoding=\"async\" loading=\"lazy\" width=\"720\" height=\"480\" src=\"https:\/\/notinor.com\/jujuy\/wp-content\/uploads\/2020\/05\/emprendedores-1-720x480.jpg\" alt=\"\" class=\"wp-image-239098\" srcset=\"https:\/\/notinor.com\/jujuy\/wp-content\/uploads\/2020\/05\/emprendedores-1-720x480.jpg 720w, https:\/\/notinor.com\/jujuy\/wp-content\/uploads\/2020\/05\/emprendedores-1-548x365.jpg 548w, https:\/\/notinor.com\/jujuy\/wp-content\/uploads\/2020\/05\/emprendedores-1-400x266.jpg 400w, https:\/\/notinor.com\/jujuy\/wp-content\/uploads\/2020\/05\/emprendedores-1.jpg 750w\" sizes=\"(max-width: 720px) 100vw, 720px\" \/><figcaption>????????????????????????????????????<\/figcaption><\/figure>\n\n\n\n<p class=\"has-background has-vivid-cyan-blue-background-color\"><strong>Al respecto la directora de Agencia de Comercializaci\u00f3n, M\u00f3nica Salas, precis\u00f3 que el convenio solidario y cooperativo tiene como fin \u201cfortalecer a todos los empresarios en los distintos niveles para que puedan aggiornarse y usar m\u00e1s cotidianamente el lenguaje del e-commerce que est\u00e1 muy vigente en este momento y que es muy necesaria su utilizaci\u00f3n\u201d.<\/strong><\/p>\n\n\n\n<p>Mencion\u00f3 que debido la crisis sanitaria que vive el mundo\npor el avance de la pandemia de coronavirus, el comercio digital se ha\nposicionado como una de las principales alternativas, \u201cabriendo un abanico de\nposibilidades para la que los emprendedores tienen que contar las herramientas\npara poder comunicarse\u201d.<\/p>\n\n\n\n<p>\u201cEl e-commerce demanda una nueva forma de comunicaci\u00f3n y\npara entender su lenguaje, necesitamos traducir palabras con las que no estamos\nfamiliarizados. Por eso es importante que est\u00e9n preparados en estos idiomas\nb\u00e1sicos\u201d, sostuvo la directora quien precis\u00f3 que los interesados podr\u00e1n acceder\na tutoriales que van a ser publicados en la p\u00e1gina web de Agencia de\nComercializaci\u00f3n (https:\/\/agenciadecomercializacion.jujuy.gob.ar\/#\/).<\/p>\n\n\n\n<p>Los videos, detall\u00f3 Salas, ser\u00e1n publicados en los tres\nidiomas de manera simult\u00e1nea, de manera que \u201cpuedan interpretar el lenguaje\nactual tecnol\u00f3gico y adem\u00e1s puedan usarlos para promocionar sus productos,\ndise\u00f1ar sus p\u00e1ginas web en otros idiomas, hasta llegar a como exportar y\ngenerar la marca y etiqueta de sus productos en ingl\u00e9s, franc\u00e9s y portugu\u00e9s\u201d.<\/p>\n\n\n\n<p>Finalmente la funcionaria inform\u00f3 que el primer video ser\u00e1\npublicado este viernes 15 de mayo y estar\u00e1 disponible de manera libre y\ngratuita.<\/p>\n\n\n\n<p>Por su parte Liliana Chavez, profesora de ingl\u00e9s, destac\u00f3 la\niniciativa y asegur\u00f3 \u201cen la \u00e9poca tan critica que estamos viviendo, que los\nemprendedores tengan esta posibilidad es sin dudas, una gran ayuda para que\npuedan tener mayores posibilidades de venta\u201d.<\/p>\n\n\n\n<p>Asimismo detall\u00f3 que las profesoras que participar\u00e1n de los\ntutoriales ser\u00e1n: Cristina Zambra, de portugu\u00e9s; Rita Tel, de franc\u00e9s y Liliana\nChaez, de ingl\u00e9s.<\/p>\n","protected":false},"excerpt":{"rendered":"<p>Con el prop\u00f3sito de potenciar los emprendimientos locales, el Ministerio de Desarrollo Econ\u00f3mico y Producci\u00f3n firm\u00f3 un convenio con profesoras de franc\u00e9s, portugu\u00e9s e ingl\u00e9s para que los creativos puedan ofrecer sus productos en estos idiomas. Al respecto la directora de Agencia de Comercializaci\u00f3n, M\u00f3nica Salas, precis\u00f3 que el convenio solidario y cooperativo tiene como [&hellip;]<\/p>\n","protected":false},"author":5,"featured_media":239097,"comment_status":"open","ping_status":"open","sticky":false,"template":"","format":"standard","meta":{"_stopmodifiedupdate":false,"_modified_date":"","inline_featured_image":false,"spay_email":"","jetpack_publicize_message":"Con el prop\u00f3sito de potenciar los emprendimientos locales, el Ministerio de Desarrollo Econ\u00f3mico y Producci\u00f3n firm\u00f3 un convenio con profesoras de franc\u00e9s, portugu\u00e9s e ingl\u00e9s para que los creativos puedan ofrecer sus productos en estos idiomas."},"categories":[514],"tags":[],"jetpack_featured_media_url":"https:\/\/notinor.com\/jujuy\/wp-content\/uploads\/2020\/05\/emprendedores.jpg","jetpack_publicize_connections":[],"_links":{"self":[{"href":"https:\/\/notinor.com\/jujuy\/wp-json\/wp\/v2\/posts\/239096"}],"collection":[{"href":"https:\/\/notinor.com\/jujuy\/wp-json\/wp\/v2\/posts"}],"about":[{"href":"https:\/\/notinor.com\/jujuy\/wp-json\/wp\/v2\/types\/post"}],"author":[{"embeddable":true,"href":"https:\/\/notinor.com\/jujuy\/wp-json\/wp\/v2\/users\/5"}],"replies":[{"embeddable":true,"href":"https:\/\/notinor.com\/jujuy\/wp-json\/wp\/v2\/comments?post=239096"}],"version-history":[{"count":1,"href":"https:\/\/notinor.com\/jujuy\/wp-json\/wp\/v2\/posts\/239096\/revisions"}],"predecessor-version":[{"id":239099,"href":"https:\/\/notinor.com\/jujuy\/wp-json\/wp\/v2\/posts\/239096\/revisions\/239099"}],"wp:featuredmedia":[{"embeddable":true,"href":"https:\/\/notinor.com\/jujuy\/wp-json\/wp\/v2\/media\/239097"}],"wp:attachment":[{"href":"https:\/\/notinor.com\/jujuy\/wp-json\/wp\/v2\/media?parent=239096"}],"wp:term":[{"taxonomy":"category","embeddable":true,"href":"https:\/\/notinor.com\/jujuy\/wp-json\/wp\/v2\/categories?post=239096"},{"taxonomy":"post_tag","embeddable":true,"href":"https:\/\/notinor.com\/jujuy\/wp-json\/wp\/v2\/tags?post=239096"}],"curies":[{"name":"wp","href":"https:\/\/api.w.org\/{rel}","templated":true}]}}