{"id":239091,"date":"2020-05-13T15:36:22","date_gmt":"2020-05-13T18:36:22","guid":{"rendered":"https:\/\/notinor.com\/jujuy\/?p=239091"},"modified":"2020-05-13T15:36:28","modified_gmt":"2020-05-13T18:36:28","slug":"intensa-busqueda-de-una-nena-de-12-anos","status":"publish","type":"post","link":"https:\/\/notinor.com\/jujuy\/intensa-busqueda-de-una-nena-de-12-anos\/","title":{"rendered":"Intensa b\u00fasqueda de una nena de 12 a\u00f1os"},"content":{"rendered":"\n<p>Jakelin de 12 a\u00f1os de edad oriunda de barrio Alto Comedero es buscada por sus familiares, seg\u00fan la familia sali\u00f3 entre las horas 00am y 06am del dia de hoy, 13 de Mayo.<\/p>\n\n\n\n<figure class=\"wp-block-image size-large\"><img decoding=\"async\" loading=\"lazy\" width=\"470\" height=\"408\" src=\"https:\/\/notinor.com\/jujuy\/wp-content\/uploads\/2020\/05\/IMG-20200513-WA0003.jpg\" alt=\"\" class=\"wp-image-239093\" srcset=\"https:\/\/notinor.com\/jujuy\/wp-content\/uploads\/2020\/05\/IMG-20200513-WA0003.jpg 470w, https:\/\/notinor.com\/jujuy\/wp-content\/uploads\/2020\/05\/IMG-20200513-WA0003-420x365.jpg 420w\" sizes=\"(max-width: 470px) 100vw, 470px\" \/><\/figure>\n\n\n\n<p>Ante cualquier informaci\u00f3n dirigirse a la comisaria mas cercana o comunicarse a los n\u00fameros 388492090 o 38856821786 o al facebook&nbsp;<a href=\"https:\/\/www.facebook.com\/ivana.angola\">https:\/\/www.facebook.com\/ivana.angola<\/a><\/p>\n","protected":false},"excerpt":{"rendered":"<p>Jakelin de 12 a\u00f1os de edad oriunda de barrio Alto Comedero es buscada por sus familiares, seg\u00fan la familia sali\u00f3 entre las horas 00am y 06am del dia de hoy, 13 de Mayo. Ante cualquier informaci\u00f3n dirigirse a la comisaria mas cercana o comunicarse a los n\u00fameros 388492090 o 38856821786 o al facebook&nbsp;https:\/\/www.facebook.com\/ivana.angola<\/p>\n","protected":false},"author":1,"featured_media":239093,"comment_status":"closed","ping_status":"closed","sticky":false,"template":"","format":"standard","meta":{"_stopmodifiedupdate":false,"_modified_date":"","inline_featured_image":false,"spay_email":"","jetpack_publicize_message":""},"categories":[3],"tags":[],"jetpack_featured_media_url":"https:\/\/notinor.com\/jujuy\/wp-content\/uploads\/2020\/05\/IMG-20200513-WA0003.jpg","jetpack_publicize_connections":[],"_links":{"self":[{"href":"https:\/\/notinor.com\/jujuy\/wp-json\/wp\/v2\/posts\/239091"}],"collection":[{"href":"https:\/\/notinor.com\/jujuy\/wp-json\/wp\/v2\/posts"}],"about":[{"href":"https:\/\/notinor.com\/jujuy\/wp-json\/wp\/v2\/types\/post"}],"author":[{"embeddable":true,"href":"https:\/\/notinor.com\/jujuy\/wp-json\/wp\/v2\/users\/1"}],"replies":[{"embeddable":true,"href":"https:\/\/notinor.com\/jujuy\/wp-json\/wp\/v2\/comments?post=239091"}],"version-history":[{"count":2,"href":"https:\/\/notinor.com\/jujuy\/wp-json\/wp\/v2\/posts\/239091\/revisions"}],"predecessor-version":[{"id":239094,"href":"https:\/\/notinor.com\/jujuy\/wp-json\/wp\/v2\/posts\/239091\/revisions\/239094"}],"wp:featuredmedia":[{"embeddable":true,"href":"https:\/\/notinor.com\/jujuy\/wp-json\/wp\/v2\/media\/239093"}],"wp:attachment":[{"href":"https:\/\/notinor.com\/jujuy\/wp-json\/wp\/v2\/media?parent=239091"}],"wp:term":[{"taxonomy":"category","embeddable":true,"href":"https:\/\/notinor.com\/jujuy\/wp-json\/wp\/v2\/categories?post=239091"},{"taxonomy":"post_tag","embeddable":true,"href":"https:\/\/notinor.com\/jujuy\/wp-json\/wp\/v2\/tags?post=239091"}],"curies":[{"name":"wp","href":"https:\/\/api.w.org\/{rel}","templated":true}]}}