{"id":239089,"date":"2020-05-13T15:38:33","date_gmt":"2020-05-13T18:38:33","guid":{"rendered":"https:\/\/notinor.com\/jujuy\/?p=239089"},"modified":"2022-04-29T17:38:06","modified_gmt":"2022-04-29T20:38:06","slug":"indignacion-de-vecinos-periquenos","status":"publish","type":"post","link":"https:\/\/notinor.com\/jujuy\/indignacion-de-vecinos-periquenos\/","title":{"rendered":"Indignaci\u00f3n de vecinos perique\u00f1os"},"content":{"rendered":"\n<p><strong>CIUDAD PERICO MI\u00c9RCOLES 13 DE MAYO DE 2020.<\/strong><\/p>\n\n\n\n<p>  VECINOS DE PERICO INDIGNADOS.<\/p>\n\n\n\n<figure class=\"wp-block-embed-youtube wp-block-embed is-type-video is-provider-youtube wp-embed-aspect-16-9 wp-has-aspect-ratio\"><div class=\"wp-block-embed__wrapper\">\n<div class=\"jeg_video_container jeg_video_content\"><iframe loading=\"lazy\" title=\"CIUDAD PERICO\/MALA ORGANIZACION\" width=\"500\" height=\"281\" src=\"https:\/\/www.youtube.com\/embed\/O1FkzkDN6sA?feature=oembed\" frameborder=\"0\" allow=\"accelerometer; autoplay; encrypted-media; gyroscope; picture-in-picture\" allowfullscreen><\/iframe><\/div>\n<\/div><\/figure>\n\n\n\n<p>                                                                                                                                              COMO ESTABA ANUNCIADO EL \u00c1REA DESARROLLO SOCIAL DE LA MUNICIPALIDAD DE PERICO.                                                                                       HACE INSTANTES LLEG\u00d3 EL CAMI\u00d3N CON LAS GARRAFAS DEL PROGRAMA GARRAFA SOCIAL. QUE SE ENTREGA MENSUALMENTE, ANTE TAL SITUACI\u00d3N Y AL VER LA AUSENCIA DE PERSONAS ENCARGADAS TANTO DE LA POLIC\u00cdA COMO AUTORIDADES DEL COE MUNICIPAL, LOS VECINOS DEL LUGAR SE MANIFESTARON ENTRE ELLOS Y POR ESTE MEDIO SOLICITAN A QUIEN LE CORRESPONDA, TOMAR CARTAS EN EL ASUNTO.                                                                                                                            YA QUE COMO SE OBSERVA EN LA FOTOGRAF\u00cdA Y EN EL VIDEO. NADIE DE LOS PRESENTES GUARDAN EL DISTANCIAMIENTO SOCIAL QUE ESTABLECEN LOS PROTOCOLOS VIGENTES. \u00daNICO MEDIO EN EL LUGAR.<\/p>\n","protected":false},"excerpt":{"rendered":"<p>CIUDAD PERICO MI\u00c9RCOLES 13 DE MAYO DE 2020. VECINOS DE PERICO INDIGNADOS. COMO ESTABA ANUNCIADO EL \u00c1REA DESARROLLO SOCIAL DE LA MUNICIPALIDAD DE PERICO. HACE INSTANTES LLEG\u00d3 EL CAMI\u00d3N CON LAS GARRAFAS DEL PROGRAMA GARRAFA SOCIAL. QUE SE ENTREGA MENSUALMENTE, ANTE TAL SITUACI\u00d3N Y AL VER LA AUSENCIA DE PERSONAS ENCARGADAS TANTO DE LA POLIC\u00cdA [&hellip;]<\/p>\n","protected":false},"author":1,"featured_media":239090,"comment_status":"open","ping_status":"open","sticky":false,"template":"","format":"standard","meta":{"_stopmodifiedupdate":false,"_modified_date":"","inline_featured_image":false,"spay_email":"","jetpack_publicize_message":""},"categories":[2,4],"tags":[],"jetpack_featured_media_url":"https:\/\/notinor.com\/jujuy\/wp-content\/uploads\/2020\/05\/WhatsApp-Image-2020-05-13-at-3.22.40-PM.jpeg","jetpack_publicize_connections":[],"_links":{"self":[{"href":"https:\/\/notinor.com\/jujuy\/wp-json\/wp\/v2\/posts\/239089"}],"collection":[{"href":"https:\/\/notinor.com\/jujuy\/wp-json\/wp\/v2\/posts"}],"about":[{"href":"https:\/\/notinor.com\/jujuy\/wp-json\/wp\/v2\/types\/post"}],"author":[{"embeddable":true,"href":"https:\/\/notinor.com\/jujuy\/wp-json\/wp\/v2\/users\/1"}],"replies":[{"embeddable":true,"href":"https:\/\/notinor.com\/jujuy\/wp-json\/wp\/v2\/comments?post=239089"}],"version-history":[{"count":1,"href":"https:\/\/notinor.com\/jujuy\/wp-json\/wp\/v2\/posts\/239089\/revisions"}],"predecessor-version":[{"id":239095,"href":"https:\/\/notinor.com\/jujuy\/wp-json\/wp\/v2\/posts\/239089\/revisions\/239095"}],"wp:featuredmedia":[{"embeddable":true,"href":"https:\/\/notinor.com\/jujuy\/wp-json\/wp\/v2\/media\/239090"}],"wp:attachment":[{"href":"https:\/\/notinor.com\/jujuy\/wp-json\/wp\/v2\/media?parent=239089"}],"wp:term":[{"taxonomy":"category","embeddable":true,"href":"https:\/\/notinor.com\/jujuy\/wp-json\/wp\/v2\/categories?post=239089"},{"taxonomy":"post_tag","embeddable":true,"href":"https:\/\/notinor.com\/jujuy\/wp-json\/wp\/v2\/tags?post=239089"}],"curies":[{"name":"wp","href":"https:\/\/api.w.org\/{rel}","templated":true}]}}