{"id":239077,"date":"2020-05-13T15:14:06","date_gmt":"2020-05-13T18:14:06","guid":{"rendered":"https:\/\/notinor.com\/jujuy\/?p=239077"},"modified":"2020-05-13T15:14:12","modified_gmt":"2020-05-13T18:14:12","slug":"la-familia-de-josema-pide-justicia","status":"publish","type":"post","link":"https:\/\/notinor.com\/jujuy\/la-familia-de-josema-pide-justicia\/","title":{"rendered":"La familia de \"Josema\" pide justicia"},"content":{"rendered":"\n<p class=\"has-text-align-justify\"><em>El caso conmovi\u00f3 a la provincia e incluso lleg\u00f3 a medios nacionales que denominan a la imputada como la \"Nahir Galarza juje\u00f1a\".<\/em><\/p>\n\n\n\n<figure class=\"wp-block-image size-large\"><img decoding=\"async\" loading=\"lazy\" width=\"960\" height=\"540\" src=\"https:\/\/i1.wp.com\/notinor.com\/jujuy\/wp-content\/uploads\/2020\/05\/96379600_3108042065908383_877626964360298496_n.jpg?fit=840%2C473&amp;ssl=1\" alt=\"\" class=\"wp-image-239078\" srcset=\"https:\/\/notinor.com\/jujuy\/wp-content\/uploads\/2020\/05\/96379600_3108042065908383_877626964360298496_n.jpg 960w, https:\/\/notinor.com\/jujuy\/wp-content\/uploads\/2020\/05\/96379600_3108042065908383_877626964360298496_n-649x365.jpg 649w, https:\/\/notinor.com\/jujuy\/wp-content\/uploads\/2020\/05\/96379600_3108042065908383_877626964360298496_n-840x473.jpg 840w, https:\/\/notinor.com\/jujuy\/wp-content\/uploads\/2020\/05\/96379600_3108042065908383_877626964360298496_n-500x280.jpg 500w, https:\/\/notinor.com\/jujuy\/wp-content\/uploads\/2020\/05\/96379600_3108042065908383_877626964360298496_n-768x432.jpg 768w\" sizes=\"(max-width: 960px) 100vw, 960px\" \/><\/figure>\n\n\n\n<p><a href=\"https:\/\/www.instagram.com\/_rocio_rojas\/\">Por: <\/a><a href=\"https:\/\/twitter.com\/_rocio_rojas\">Roc\u00edo Josefina Rojas<\/a><\/p>\n\n\n\n<p class=\"has-background has-text-align-justify has-vivid-cyan-blue-background-color\">El caso de <strong>Jos\u00e9 Mar\u00eda Villafa\u00f1e<\/strong> conmovi\u00f3 no solo a toda la provincia, sino que tambi\u00e9n lleg\u00f3 a medios nacionales, e incluso describieron a la imputada <em>Magal\u00ed Quiroga Saenz <\/em>como la <strong>\"Nahir Galarza juje\u00f1a\".<\/strong><\/p>\n\n\n\n<p class=\"has-text-align-justify\">La \u00fanica detenida por el homicidio asegura que <em>\"fue un accidente\"<\/em>. Dispar\u00f3 una bala que seg\u00fan detallan las pericias, atraves\u00f3 el cr\u00e1neo de su ex pareja  y tras abandonarlo en el hospital, se dio a la fuga.  Horas despu\u00e9s se entreg\u00f3 a la polic\u00eda y luego de varios d\u00edas detenida intent\u00f3 quitarse la vida y se neg\u00f3 a declarar ante el fiscal de la causa. <\/p>\n\n\n\n<figure class=\"wp-block-image size-large\"><img decoding=\"async\" loading=\"lazy\" width=\"720\" height=\"540\" src=\"https:\/\/i0.wp.com\/notinor.com\/jujuy\/wp-content\/uploads\/2020\/05\/96157910_116065153427313_6340288206197489664_o.jpg?fit=640%2C480&amp;ssl=1\" alt=\"\" class=\"wp-image-239079\" srcset=\"https:\/\/notinor.com\/jujuy\/wp-content\/uploads\/2020\/05\/96157910_116065153427313_6340288206197489664_o.jpg 720w, https:\/\/notinor.com\/jujuy\/wp-content\/uploads\/2020\/05\/96157910_116065153427313_6340288206197489664_o-487x365.jpg 487w, https:\/\/notinor.com\/jujuy\/wp-content\/uploads\/2020\/05\/96157910_116065153427313_6340288206197489664_o-640x480.jpg 640w\" sizes=\"(max-width: 720px) 100vw, 720px\" \/><\/figure>\n\n\n\n<p>La familia y los amigos de \"Josema\" , el pasado domingo , recordaron con mucho amor al joven en la fecha de su cumplea\u00f1os y a trav\u00e9s de las redes sociales se unen bajo un mismo pedido: #JusticiaPorJoseMa<\/p>\n\n\n\n<p>La causa continua en investigaci\u00f3n y los abogados que representan a la familia de la v\u00edctima no descartan que haya habido una tercer persona involucrada en el crimen. <\/p>\n\n\n\n<figure class=\"wp-block-image\"><img decoding=\"async\" src=\"https:\/\/scontent.ftuc1-2.fna.fbcdn.net\/v\/t1.0-9\/96712304_3108041899241733_2965926233604358144_n.jpg?_nc_cat=105&amp;_nc_sid=8bfeb9&amp;_nc_eui2=AeED4lhjYJhKT1dakmGYEwZjz_5IBHz7d4XP_kgEfPt3hdDZyHzTE-p6nsilAQwlM_xl3-2ywh8N7s9GMbeSb_Bk&amp;_nc_oc=AQlIzZFkB_kCGEr6XpWDCSCIXQw3HdgVb2CwsLdJoXeoS1JvJEPKBW20jTAAlNIdtjQ&amp;_nc_ht=scontent.ftuc1-2.fna&amp;oh=5d084fc2805d01a47ee525348e70392b&amp;oe=5EE3488B\" alt=\"\"\/><\/figure>\n","protected":false},"excerpt":{"rendered":"<p>El caso conmovi\u00f3 a la provincia e incluso lleg\u00f3 a medios nacionales que denominan a la imputada como la \"Nahir Galarza juje\u00f1a\". Por: Roc\u00edo Josefina Rojas El caso de Jos\u00e9 Mar\u00eda Villafa\u00f1e conmovi\u00f3 no solo a toda la provincia, sino que tambi\u00e9n lleg\u00f3 a medios nacionales, e incluso describieron a la imputada Magal\u00ed Quiroga Saenz [&hellip;]<\/p>\n","protected":false},"author":37,"featured_media":239078,"comment_status":"open","ping_status":"open","sticky":false,"template":"","format":"standard","meta":{"_stopmodifiedupdate":false,"_modified_date":"","inline_featured_image":false,"spay_email":"","jetpack_publicize_message":"El caso conmovi\u00f3 a la provincia e incluso lleg\u00f3 a medios nacionales que denominan a la imputada como la \"Nahir Galarza juje\u00f1a\"\n.\n.\n."},"categories":[518,3],"tags":[],"jetpack_featured_media_url":"https:\/\/notinor.com\/jujuy\/wp-content\/uploads\/2020\/05\/96379600_3108042065908383_877626964360298496_n.jpg","jetpack_publicize_connections":[],"_links":{"self":[{"href":"https:\/\/notinor.com\/jujuy\/wp-json\/wp\/v2\/posts\/239077"}],"collection":[{"href":"https:\/\/notinor.com\/jujuy\/wp-json\/wp\/v2\/posts"}],"about":[{"href":"https:\/\/notinor.com\/jujuy\/wp-json\/wp\/v2\/types\/post"}],"author":[{"embeddable":true,"href":"https:\/\/notinor.com\/jujuy\/wp-json\/wp\/v2\/users\/37"}],"replies":[{"embeddable":true,"href":"https:\/\/notinor.com\/jujuy\/wp-json\/wp\/v2\/comments?post=239077"}],"version-history":[{"count":1,"href":"https:\/\/notinor.com\/jujuy\/wp-json\/wp\/v2\/posts\/239077\/revisions"}],"predecessor-version":[{"id":239081,"href":"https:\/\/notinor.com\/jujuy\/wp-json\/wp\/v2\/posts\/239077\/revisions\/239081"}],"wp:featuredmedia":[{"embeddable":true,"href":"https:\/\/notinor.com\/jujuy\/wp-json\/wp\/v2\/media\/239078"}],"wp:attachment":[{"href":"https:\/\/notinor.com\/jujuy\/wp-json\/wp\/v2\/media?parent=239077"}],"wp:term":[{"taxonomy":"category","embeddable":true,"href":"https:\/\/notinor.com\/jujuy\/wp-json\/wp\/v2\/categories?post=239077"},{"taxonomy":"post_tag","embeddable":true,"href":"https:\/\/notinor.com\/jujuy\/wp-json\/wp\/v2\/tags?post=239077"}],"curies":[{"name":"wp","href":"https:\/\/api.w.org\/{rel}","templated":true}]}}