{"id":239071,"date":"2020-05-13T14:33:42","date_gmt":"2020-05-13T17:33:42","guid":{"rendered":"https:\/\/notinor.com\/jujuy\/?p=239071"},"modified":"2020-05-13T14:33:49","modified_gmt":"2020-05-13T17:33:49","slug":"los-entrenamientos-volveria-mas-pronto-de-lo-esperado","status":"publish","type":"post","link":"https:\/\/notinor.com\/jujuy\/los-entrenamientos-volveria-mas-pronto-de-lo-esperado\/","title":{"rendered":"Los entrenamientos volver\u00eda m\u00e1s pronto de lo esperado"},"content":{"rendered":"\n<p class=\"has-text-align-justify\">El ministro de Salud, Gin\u00e9s Gonz\u00e1lez Garc\u00eda se reuni\u00f3 con su par de Deportes, Mat\u00edas Lammens, y detall\u00f3 algunas de las medidas sanitarias.<\/p>\n\n\n\n<figure class=\"wp-block-image size-large\"><img decoding=\"async\" loading=\"lazy\" width=\"965\" height=\"543\" src=\"https:\/\/i0.wp.com\/notinor.com\/jujuy\/wp-content\/uploads\/2020\/05\/jfquinteroentregru111.jpg?fit=840%2C473&amp;ssl=1\" alt=\"\" class=\"wp-image-239072\" srcset=\"https:\/\/notinor.com\/jujuy\/wp-content\/uploads\/2020\/05\/jfquinteroentregru111.jpg 965w, https:\/\/notinor.com\/jujuy\/wp-content\/uploads\/2020\/05\/jfquinteroentregru111-649x365.jpg 649w, https:\/\/notinor.com\/jujuy\/wp-content\/uploads\/2020\/05\/jfquinteroentregru111-840x473.jpg 840w, https:\/\/notinor.com\/jujuy\/wp-content\/uploads\/2020\/05\/jfquinteroentregru111-500x280.jpg 500w, https:\/\/notinor.com\/jujuy\/wp-content\/uploads\/2020\/05\/jfquinteroentregru111-768x432.jpg 768w\" sizes=\"(max-width: 965px) 100vw, 965px\" \/><\/figure>\n\n\n\n<p class=\"has-background has-text-align-justify has-vivid-cyan-blue-background-color\">Con el pico m\u00e1ximo de casos de&nbsp;<strong>coronavirus<\/strong>&nbsp;positivos en las \u00faltimas 24 horas en Argentina -este martes se registraron 285 nuevos contagiados-, las autoridades se mantienen expectantes a lo que podr\u00eda ser un salto en la curva de personas infectadas con el virus&nbsp;<em>COVID-19<\/em>. En este escenario,&nbsp;<strong>la fecha de regreso para el f\u00fatbol todav\u00eda es una inc\u00f3gnita<\/strong>.<\/p>\n\n\n\n<p class=\"has-text-align-justify\">Al igual que sucede con otras actividades masivas como el cine, el teatro y los espect\u00e1culos musicales, el deporte todav\u00eda no tiene permiso para volver a la acci\u00f3n. A la espera de la evoluci\u00f3n de la pandemia y con la finalizaci\u00f3n de la presente temporada que anunci\u00f3 la Asociaci\u00f3n del F\u00fatbol Argentino, el primer tema a resolver es&nbsp;<strong>cu\u00e1ndo los futbolistas podr\u00e1n volver a entrenarse en sus clubes y de qu\u00e9 forma<\/strong>.<\/p>\n\n\n\n<figure class=\"wp-block-image\"><img decoding=\"async\" src=\"https:\/\/www.infobae.com\/new-resizer\/Z7s4D8z8wQixn-eSLQ1egMJBmrg=\/750x0\/filters:quality(100)\/cloudfront-us-east-1.images.arcpublishing.com\/infobae\/ORRITZ7ELJFRNP7YJXN7J56NUQ.jpg\" alt=\"Gin\u00e9s Gonz\u00e1lesz Garc\u00eda y Lammens, dos personajes claves para definir el regreso de los futbolistas a los entrenamientos\"\/><\/figure>\n\n\n\n<p class=\"has-text-align-justify\">Uno de los protagonistas en esta \u00e9poca de coronavirus es el ministro de Salud,\u00a0<strong>Gin\u00e9s Gonz\u00e1lez Garc\u00eda<\/strong>, que en las \u00faltimas horas\u00a0<strong>dio detalles de las diferentes posturas que comenzar\u00e1n a evaluarse en los pr\u00f3ximos d\u00edas para comenzar a crear los protocolos necesarios<\/strong>\u00a0para que los deportistas puedan retomar los entrenamientos.<\/p>\n\n\n\n<p class=\"has-text-align-justify\">\u201cHablamos del tema.\u00a0<strong>Yo no recuerdo haber hablado de fecha probable, pero s\u00ed hablamos de qu\u00e9 ser\u00eda lo que tendr\u00edamos que hacer.\u00a0<\/strong>Quedamos en que la semana que viene van a conversar de las condiciones los equipos t\u00e9cnicos\u201d, dijo el ministro en di\u00e1logo con el programa La Oral Deportiva, de\u00a0<em>Radio Rivadavia<\/em>, en relaci\u00f3n a la charla que mantuvo con su par de Deportes,\u00a0<strong>Mat\u00edas Lammens<\/strong>, en la que se cre\u00f3 un comit\u00e9 que evaluar\u00e1 los pasos a seguir.<\/p>\n\n\n\n<p class=\"has-text-align-justify\">Adem\u00e1s, hizo referencia a las necesidades que se tendr\u00e1n que establecer entre los planteles y los clubes para cuidar la salud de los protagonistas a la hora de retomar las pr\u00e1cticas conjuntas.<\/p>\n\n\n\n<p class=\"has-text-align-justify\">\u201c<strong>El transporte deber\u00eda ser de tipo personal<\/strong>. La mayor\u00eda de los jugadores tienen auto cuando van al entrenamiento.&nbsp;<strong>Deber\u00edan ser vestidos y de vuelta volver vestidos. No ir al vestuario de las instalaciones deportivas. Y naturalmente, deber\u00eda ser el n\u00famero m\u00e1s bajo<\/strong>. No toda la totalidad del plantel\", explic\u00f3 Gonz\u00e1lez Garc\u00eda sobre los par\u00e1metros m\u00ednimos necesario para que los jugadores y el staff t\u00e9cnicos de los equipos se cuiden de evitar la circulaci\u00f3n de contagio.<\/p>\n\n\n\n<p class=\"has-text-align-justify\">\u201cLas ideas es tratar de congeniar con los m\u00e9dicos deport\u00f3logos que tienen cada una de las instituciones, trabajar en conjunto para que\u00a0<strong>no tengan riesgo los jugadores<\/strong>\u00a0y que permita que empiecen a tener el estado f\u00edsico necesario de una competencia de \u00e9lite como es el f\u00fatbol argentino\u201d, agreg\u00f3.<\/p>\n\n\n\n<p class=\"has-text-align-justify\">Este fin de semana, la Bundesliga alemana ser\u00e1 la primera de las grandes ligas de f\u00fatbol en el mundo en la que volver\u00e1 a rodar la pelota. Tanto en Espa\u00f1a e Italia, con los cuidados necesarios, los clubes ya comenzaron a entrenarse para retomar las capacidades aer\u00f3bicas de cara a lo que ser\u00eda la confirmaci\u00f3n del regreso de la competencia para junio. Lo mismo podr\u00eda suceder en la Premier League a mediados del pr\u00f3ximo mes. Pero en Sudam\u00e9rica, todav\u00eda no hay novedades sobre el reinicio del f\u00fatbol y al parecer la historia continuar\u00e1 de la misma forma.<\/p>\n\n\n\n<p class=\"has-text-align-justify\"><strong>\u201cDepende de la evoluci\u00f3n de la epidemia\u201d<\/strong>, respondi\u00f3 Gonz\u00e1lez Garc\u00eda cuando fue consultado sobre una posible fecha de retorno para el f\u00fatbol. Despu\u00e9s de golpear con crudeza en Europa, ahora el epicentro de la pandemia se encuentra en los Estados Unidos, el pa\u00eds en la actualidad con m\u00e1s personas infectadas y la mayor tasa de muertes por coronavirus. En las \u00faltimas horas, Brasil se sum\u00f3 a la lista de los pa\u00edses m\u00e1s afectados.<\/p>\n\n\n\n<p class=\"has-text-align-justify\">Mientras tanto, Argentina espera lo que suceder\u00e1 en las futuras semanas con el crecimiento o no en los casos de coronavirus, una situaci\u00f3n clave para empezar a definir qu\u00e9 suceder\u00e1 con el f\u00fatbol y el resto de las disciplinas deportivas.<\/p>\n\n\n\n<p><\/p>\n","protected":false},"excerpt":{"rendered":"<p>El ministro de Salud, Gin\u00e9s Gonz\u00e1lez Garc\u00eda se reuni\u00f3 con su par de Deportes, Mat\u00edas Lammens, y detall\u00f3 algunas de las medidas sanitarias. Con el pico m\u00e1ximo de casos de&nbsp;coronavirus&nbsp;positivos en las \u00faltimas 24 horas en Argentina -este martes se registraron 285 nuevos contagiados-, las autoridades se mantienen expectantes a lo que podr\u00eda ser un [&hellip;]<\/p>\n","protected":false},"author":37,"featured_media":239072,"comment_status":"open","ping_status":"open","sticky":false,"template":"","format":"standard","meta":{"_stopmodifiedupdate":false,"_modified_date":"","inline_featured_image":false,"spay_email":"","jetpack_publicize_message":"El ministro de Salud, Gin\u00e9s Gonz\u00e1lez Garc\u00eda se reuni\u00f3 con su par de Deportes, Mat\u00edas Lammens, y detall\u00f3 algunas de las medidas sanitarias."},"categories":[7],"tags":[],"jetpack_featured_media_url":"https:\/\/notinor.com\/jujuy\/wp-content\/uploads\/2020\/05\/jfquinteroentregru111.jpg","jetpack_publicize_connections":[],"_links":{"self":[{"href":"https:\/\/notinor.com\/jujuy\/wp-json\/wp\/v2\/posts\/239071"}],"collection":[{"href":"https:\/\/notinor.com\/jujuy\/wp-json\/wp\/v2\/posts"}],"about":[{"href":"https:\/\/notinor.com\/jujuy\/wp-json\/wp\/v2\/types\/post"}],"author":[{"embeddable":true,"href":"https:\/\/notinor.com\/jujuy\/wp-json\/wp\/v2\/users\/37"}],"replies":[{"embeddable":true,"href":"https:\/\/notinor.com\/jujuy\/wp-json\/wp\/v2\/comments?post=239071"}],"version-history":[{"count":1,"href":"https:\/\/notinor.com\/jujuy\/wp-json\/wp\/v2\/posts\/239071\/revisions"}],"predecessor-version":[{"id":239073,"href":"https:\/\/notinor.com\/jujuy\/wp-json\/wp\/v2\/posts\/239071\/revisions\/239073"}],"wp:featuredmedia":[{"embeddable":true,"href":"https:\/\/notinor.com\/jujuy\/wp-json\/wp\/v2\/media\/239072"}],"wp:attachment":[{"href":"https:\/\/notinor.com\/jujuy\/wp-json\/wp\/v2\/media?parent=239071"}],"wp:term":[{"taxonomy":"category","embeddable":true,"href":"https:\/\/notinor.com\/jujuy\/wp-json\/wp\/v2\/categories?post=239071"},{"taxonomy":"post_tag","embeddable":true,"href":"https:\/\/notinor.com\/jujuy\/wp-json\/wp\/v2\/tags?post=239071"}],"curies":[{"name":"wp","href":"https:\/\/api.w.org\/{rel}","templated":true}]}}