{"id":239065,"date":"2020-05-13T14:25:31","date_gmt":"2020-05-13T17:25:31","guid":{"rendered":"https:\/\/notinor.com\/jujuy\/?p=239065"},"modified":"2020-05-13T14:25:37","modified_gmt":"2020-05-13T17:25:37","slug":"la-propuesta-de-boca-juniors-para-que-la-pelota-vuelva-a-rodar","status":"publish","type":"post","link":"https:\/\/notinor.com\/jujuy\/la-propuesta-de-boca-juniors-para-que-la-pelota-vuelva-a-rodar\/","title":{"rendered":"La propuesta de Boca Juniors para que \"la pelota vuelva a rodar\""},"content":{"rendered":"\n<p class=\"has-text-align-justify\">El presidente del Xeneize asegur\u00f3 que mand\u00f3 a traducir las propuestas de la Bundesliga para retomar la actividad.<\/p>\n\n\n\n<figure class=\"wp-block-image size-large\"><img decoding=\"async\" loading=\"lazy\" width=\"604\" height=\"340\" src=\"https:\/\/notinor.com\/jujuy\/wp-content\/uploads\/2020\/05\/543654_892633.jpg\" alt=\"\" class=\"wp-image-239066\" srcset=\"https:\/\/notinor.com\/jujuy\/wp-content\/uploads\/2020\/05\/543654_892633.jpg 604w, https:\/\/notinor.com\/jujuy\/wp-content\/uploads\/2020\/05\/543654_892633-500x280.jpg 500w\" sizes=\"(max-width: 604px) 100vw, 604px\" \/><\/figure>\n\n\n\n<p class=\"has-background has-text-align-justify has-vivid-cyan-blue-background-color\">La vuelta al f\u00fatbol comenz\u00f3 a tomar forma en algunos pa\u00edses europeos y Alemania se puso a la vanguardia, con el retorno confirmado para el pr\u00f3ximo fin de semana y un protocolo estricto que consiste en testeos y varias medidas obligatorias para clubes y jugadores, algo que\u00a0<strong>Jorge Amor Ameal<\/strong>, presidente de Boca, anticip\u00f3 que propondr\u00e1 para analizar y ver en qu\u00e9 puede ayudar a la realidad argentina.<\/p>\n\n\n\n<p class=\"has-text-align-justify\"><strong>\u201cLo mandamos a traducir y lo vamos a hacer circular para ver si nos sirve de algo\u201d<\/strong>, asegur\u00f3 el dirigente en di\u00e1logo con\u00a0<em>Superf\u00fatbol<\/em>. Adem\u00e1s, habl\u00f3 del\u00a0\u201cmensaje esperanzador\u201d de Alberto Fern\u00e1ndez, quien asegur\u00f3 que se podr\u00eda empezar a entrenar si se hicieran test r\u00e1pidos a futbolistas.<\/p>\n\n\n\n<p><strong>\u00bfEn qu\u00e9 consiste el protocolo de la Bundesliga?<\/strong><\/p>\n\n\n\n<ul><li>Los partidos ser\u00e1n a puertas cerradas. Se permitir\u00e1n<strong>\u00a0300 personas entre jugadores, cuerpos t\u00e9cnicos, personal de ambos clubes y los dem\u00e1s involucrados.<\/strong><\/li><\/ul>\n\n\n\n<ul><li>Cada estadio ser\u00e1 dividido en tres zonas y no podr\u00e1 haber m\u00e1s de 115 personas al mismo tiempo por \u00e1rea. La zona 1 ser\u00e1 la cancha, t\u00fanel y vestuarios, la 2 la tribuna y \u00e1reas de prensa y la 3 los alrededores del estadio.<\/li><\/ul>\n\n\n\n<ul><li>S\u00f3lo se permitir\u00e1n 10 periodistas por partido y\u00a0<strong>las conferencias de prensa ser\u00e1n en forma virtual\u00a0<\/strong>(se preguntar\u00e1 por video o por audios de WhastApp).<\/li><\/ul>\n\n\n\n<ul><li>Los equipos arribar\u00e1n al estadio en forma separada.<\/li><\/ul>\n\n\n\n<ul><li>En los vestuarios, los jugadores deber\u00e1n mantener una distancia de 1,5 metros. Y s\u00f3lo podr\u00e1n estar 40 minutos en ese lugar y es obligatorio el el uso del barbijo mientras est\u00e9n ah\u00ed.<\/li><\/ul>\n\n\n\n<ul><li>La salida por el t\u00fanel a la cancha ser\u00e1 por separado, como el regreso en el entretiempo y al finalizar.<\/li><\/ul>\n\n\n\n<ul><li>Los jugadores no podr\u00e1n salir con mascotas, no se podr\u00e1n saludar antes del partido y tampoco estar\u00e1n permitidas las fotograf\u00edas grupales antes del juego.<\/li><\/ul>\n\n\n\n<p class=\"has-text-align-justify\"><strong>-Una vez por semana los futbolistas se deber\u00e1n someter al test de Covid-19.<\/strong><\/p>\n\n\n\n<ul><li>Si un jugador da positivo no hay obligaci\u00f3n de informar a la prensa. Adem\u00e1s, no por eso el resto del equipo ser\u00e1 puesto en cuarentena.<\/li><\/ul>\n\n\n\n<figure class=\"wp-block-image\"><img decoding=\"async\" src=\"https:\/\/media.tycsports.com\/files\/2020\/05\/12\/98628\/bundesliga_862x485.png\" alt=\"As\u00ed es el protocolo alem\u00e1n que propone analizar Boca\"\/><\/figure>\n\n\n\n<p class=\"has-text-align-justify\">La pelota volver\u00e1 a rodar en Alemania este s\u00e1bado desde las 10.30 (hora argentina) con seis partidos, para todos los gustos.\u00a0El escolta\u00a0Borussia Dortmund\u00a0y Schalke 04 protagonizar\u00e1n el cl\u00e1sico del Ruhr, uno de los enfrentamientos con m\u00e1s historia, pero tambi\u00e9n jugar\u00e1n Ausburgo-Wolfsburgo, Fortuna Dusseldorf-Paderborn (clave por el descenso), RB Leipzig-Friburgo, Hoffenheim-Hertha Berl\u00edn.<\/p>\n","protected":false},"excerpt":{"rendered":"<p>El presidente del Xeneize asegur\u00f3 que mand\u00f3 a traducir las propuestas de la Bundesliga para retomar la actividad. La vuelta al f\u00fatbol comenz\u00f3 a tomar forma en algunos pa\u00edses europeos y Alemania se puso a la vanguardia, con el retorno confirmado para el pr\u00f3ximo fin de semana y un protocolo estricto que consiste en testeos [&hellip;]<\/p>\n","protected":false},"author":37,"featured_media":239066,"comment_status":"open","ping_status":"open","sticky":false,"template":"","format":"standard","meta":{"_stopmodifiedupdate":false,"_modified_date":"","inline_featured_image":false,"spay_email":"","jetpack_publicize_message":"El presidente del Xeneize asegur\u00f3 que mand\u00f3 a traducir las propuestas de la Bundesliga para retomar la actividad."},"categories":[7],"tags":[],"jetpack_featured_media_url":"https:\/\/notinor.com\/jujuy\/wp-content\/uploads\/2020\/05\/543654_892633.jpg","jetpack_publicize_connections":[],"_links":{"self":[{"href":"https:\/\/notinor.com\/jujuy\/wp-json\/wp\/v2\/posts\/239065"}],"collection":[{"href":"https:\/\/notinor.com\/jujuy\/wp-json\/wp\/v2\/posts"}],"about":[{"href":"https:\/\/notinor.com\/jujuy\/wp-json\/wp\/v2\/types\/post"}],"author":[{"embeddable":true,"href":"https:\/\/notinor.com\/jujuy\/wp-json\/wp\/v2\/users\/37"}],"replies":[{"embeddable":true,"href":"https:\/\/notinor.com\/jujuy\/wp-json\/wp\/v2\/comments?post=239065"}],"version-history":[{"count":1,"href":"https:\/\/notinor.com\/jujuy\/wp-json\/wp\/v2\/posts\/239065\/revisions"}],"predecessor-version":[{"id":239067,"href":"https:\/\/notinor.com\/jujuy\/wp-json\/wp\/v2\/posts\/239065\/revisions\/239067"}],"wp:featuredmedia":[{"embeddable":true,"href":"https:\/\/notinor.com\/jujuy\/wp-json\/wp\/v2\/media\/239066"}],"wp:attachment":[{"href":"https:\/\/notinor.com\/jujuy\/wp-json\/wp\/v2\/media?parent=239065"}],"wp:term":[{"taxonomy":"category","embeddable":true,"href":"https:\/\/notinor.com\/jujuy\/wp-json\/wp\/v2\/categories?post=239065"},{"taxonomy":"post_tag","embeddable":true,"href":"https:\/\/notinor.com\/jujuy\/wp-json\/wp\/v2\/tags?post=239065"}],"curies":[{"name":"wp","href":"https:\/\/api.w.org\/{rel}","templated":true}]}}