{"id":239060,"date":"2020-05-13T14:10:26","date_gmt":"2020-05-13T17:10:26","guid":{"rendered":"https:\/\/notinor.com\/jujuy\/?p=239060"},"modified":"2020-05-13T14:10:32","modified_gmt":"2020-05-13T17:10:32","slug":"vamos-a-tener-publico-antes-que-aparezca-la-vacuna","status":"publish","type":"post","link":"https:\/\/notinor.com\/jujuy\/vamos-a-tener-publico-antes-que-aparezca-la-vacuna\/","title":{"rendered":"\u201cVamos a tener p\u00fablico antes que aparezca la vacuna\u201d"},"content":{"rendered":"\n<p class=\"has-text-align-justify\">En el f\u00fatbol se regresar\u00e1 a entrenar\u00a0\u201cen peque\u00f1os grupos, sin contacto en el vestuario, que lleguen cambiados y se vayan sin ducharse\u201d afirm\u00f3 el Ministro de Deportes y Turismo. <\/p>\n\n\n\n<figure class=\"wp-block-image size-large\"><img decoding=\"async\" loading=\"lazy\" width=\"660\" height=\"371\" src=\"https:\/\/notinor.com\/jujuy\/wp-content\/uploads\/2020\/05\/15422086703168.jpg\" alt=\"\" class=\"wp-image-239061\" srcset=\"https:\/\/notinor.com\/jujuy\/wp-content\/uploads\/2020\/05\/15422086703168.jpg 660w, https:\/\/notinor.com\/jujuy\/wp-content\/uploads\/2020\/05\/15422086703168-649x365.jpg 649w, https:\/\/notinor.com\/jujuy\/wp-content\/uploads\/2020\/05\/15422086703168-500x280.jpg 500w\" sizes=\"(max-width: 660px) 100vw, 660px\" \/><\/figure>\n\n\n\n<p class=\"has-background has-text-align-justify has-vivid-cyan-blue-background-color\">El ministro de Turismo y Deporte consider\u00f3 que antes de fin de a\u00f1o podr\u00eda volver la gente a los estadios y volvi\u00f3 a poner en \u201cseptiembre\u201d una posible fecha para que regrese el f\u00fatbol. Adem\u00e1s, habl\u00f3 de los entrenamientos, los testeos masivos y le mand\u00f3 un mensaje a los jugadores.<\/p>\n\n\n\n<p class=\"has-text-align-justify\">Mat\u00edas Lammens\u00a0habl\u00f3 en\u00a0Superf\u00fatbol\u00a0y volvi\u00f3 a referirse a cu\u00e1ndo podr\u00eda volver a jugarse al f\u00fatbol en Argentina, como tambi\u00e9n en qu\u00e9 momento podr\u00edan regresar los planteles a entrenar y el papel del Estado.<\/p>\n\n\n\n<p class=\"has-text-align-justify\">Lammens cont\u00f3 que el rol del Estado es\u00a0<strong>\u201cestablecer un protocolo\u201d<\/strong>\u00a0para que cada uno de los deportes pueda regresar a las pr\u00e1cticas y explic\u00f3 que despu\u00e9s \u201cdepende de cada Asociaci\u00f3n\u201d si lo hace o no. Y, adem\u00e1s, aclar\u00f3 que es potestad del gobierno habitar o no la vuelta de la actividad, en relaci\u00f3n en lo que est\u00e1 pasando en distintas provincias.<br><\/p>\n\n\n\n<p class=\"has-text-align-justify\">El ministro de Turismo y Deporte afirm\u00f3 que en el f\u00fatbol se regresar\u00e1 a entrenar\u00a0<strong>\u201cen peque\u00f1os grupos, de cinco o seis jugadores, sin contacto en el vestuario, que lleguen cambiados y se vayan sin durcharse\u201d.<\/strong><\/p>\n\n\n\n<p class=\"has-text-align-justify\">Mat\u00edas Lammens\u00a0habl\u00f3 en\u00a0Superf\u00fatbol\u00a0y volvi\u00f3 a referirse a cu\u00e1ndo podr\u00eda volver a jugarse al f\u00fatbol en Argentina, como tambi\u00e9n en qu\u00e9 momento podr\u00edan regresar los planteles a entrenar y el papel del Estado.<\/p>\n\n\n\n<p class=\"has-text-align-justify\">Lammens cont\u00f3 que el rol del Estado es&nbsp;<strong>\u201cestablecer un protocolo\u201d<\/strong>&nbsp;para que cada uno de los deportes pueda regresar a las pr\u00e1cticas y explic\u00f3 que despu\u00e9s \u201cdepende de cada Asociaci\u00f3n\u201d si lo hace o no. Y, adem\u00e1s, aclar\u00f3 que es potestad del gobierno habitar o no la vuelta de la actividad, en relaci\u00f3n en lo que est\u00e1 pasando en distintas provincias.<br><\/p>\n\n\n\n<p class=\"has-text-align-justify\">El ministro de Turismo y Deporte afirm\u00f3 que en el f\u00fatbol se regresar\u00e1 a entrenar&nbsp;<strong>\u201cen peque\u00f1os grupos, de cinco o seis jugadores, sin contacto en el vestuario, que lleguen cambiados y se vayan sin durcharse\u201d.<\/strong><br>Play Video<\/p>\n\n\n\n<p class=\"has-text-align-justify\">Adem\u00e1s, Lammens asegur\u00f3 que los&nbsp;<strong>entrenamientos \u201cmasivos\u201d reci\u00e9n se dar\u00e1n cuando haya \u201ctesteos masivos en todo el plantel para evitar contagios\u201d y&nbsp;<\/strong>adelant\u00f3 que<strong>&nbsp;\u201ccada uno de los clubes o eventualmente los interesados en que vuelva, deber\u00edan ser lo que consigan los test\u201d.<\/strong><\/p>\n\n\n\n<p class=\"has-text-align-justify\"><strong>\u201cDespu\u00e9s, creo que para que vuelva el futbol, para volver a ver un partido, falta mucho. Ah\u00ed si estamos en la fecha de septiembre\u201d,<\/strong>\u00a0afirm\u00f3 el ex presidente de\u00a0San Lorenzo\u00a0y reconoci\u00f3 que habr\u00e1 \u201cp\u00fablico\u201d en las canchas \u201ca<strong>ntes de que tengamos la vacuna\u201d.<\/strong><\/p>\n\n\n\n<p class=\"has-text-align-justify\">Lammens afirm\u00f3 que el Estado no est\u00e1 presionando para que regrese el f\u00fatbol y les mand\u00f3 un mensaje&nbsp; a los jugadores que tienen miedo de volver a entrenar por un posible contagio.<\/p>\n","protected":false},"excerpt":{"rendered":"<p>En el f\u00fatbol se regresar\u00e1 a entrenar\u00a0\u201cen peque\u00f1os grupos, sin contacto en el vestuario, que lleguen cambiados y se vayan sin ducharse\u201d afirm\u00f3 el Ministro de Deportes y Turismo. El ministro de Turismo y Deporte consider\u00f3 que antes de fin de a\u00f1o podr\u00eda volver la gente a los estadios y volvi\u00f3 a poner en \u201cseptiembre\u201d [&hellip;]<\/p>\n","protected":false},"author":37,"featured_media":239061,"comment_status":"open","ping_status":"open","sticky":false,"template":"","format":"standard","meta":{"_stopmodifiedupdate":false,"_modified_date":"","inline_featured_image":false,"spay_email":"","jetpack_publicize_message":"En el f\u00fatbol se regresar\u00e1 a entrenar \u201cen peque\u00f1os grupos, sin contacto en el vestuario, que lleguen cambiados y se vayan sin ducharse\u201d afirm\u00f3 el Ministro de Deportes y Turismo. \n\n\n-"},"categories":[7],"tags":[],"jetpack_featured_media_url":"https:\/\/notinor.com\/jujuy\/wp-content\/uploads\/2020\/05\/15422086703168.jpg","jetpack_publicize_connections":[],"_links":{"self":[{"href":"https:\/\/notinor.com\/jujuy\/wp-json\/wp\/v2\/posts\/239060"}],"collection":[{"href":"https:\/\/notinor.com\/jujuy\/wp-json\/wp\/v2\/posts"}],"about":[{"href":"https:\/\/notinor.com\/jujuy\/wp-json\/wp\/v2\/types\/post"}],"author":[{"embeddable":true,"href":"https:\/\/notinor.com\/jujuy\/wp-json\/wp\/v2\/users\/37"}],"replies":[{"embeddable":true,"href":"https:\/\/notinor.com\/jujuy\/wp-json\/wp\/v2\/comments?post=239060"}],"version-history":[{"count":1,"href":"https:\/\/notinor.com\/jujuy\/wp-json\/wp\/v2\/posts\/239060\/revisions"}],"predecessor-version":[{"id":239063,"href":"https:\/\/notinor.com\/jujuy\/wp-json\/wp\/v2\/posts\/239060\/revisions\/239063"}],"wp:featuredmedia":[{"embeddable":true,"href":"https:\/\/notinor.com\/jujuy\/wp-json\/wp\/v2\/media\/239061"}],"wp:attachment":[{"href":"https:\/\/notinor.com\/jujuy\/wp-json\/wp\/v2\/media?parent=239060"}],"wp:term":[{"taxonomy":"category","embeddable":true,"href":"https:\/\/notinor.com\/jujuy\/wp-json\/wp\/v2\/categories?post=239060"},{"taxonomy":"post_tag","embeddable":true,"href":"https:\/\/notinor.com\/jujuy\/wp-json\/wp\/v2\/tags?post=239060"}],"curies":[{"name":"wp","href":"https:\/\/api.w.org\/{rel}","templated":true}]}}