{"id":239056,"date":"2020-05-13T14:02:20","date_gmt":"2020-05-13T17:02:20","guid":{"rendered":"https:\/\/notinor.com\/jujuy\/?p=239056"},"modified":"2020-05-13T14:02:25","modified_gmt":"2020-05-13T17:02:25","slug":"un-camionero-con-38-grados-de-fiebre-e-hipertension-activo-el-protocolo-en-fraile-pintado","status":"publish","type":"post","link":"https:\/\/notinor.com\/jujuy\/un-camionero-con-38-grados-de-fiebre-e-hipertension-activo-el-protocolo-en-fraile-pintado\/","title":{"rendered":"Un camionero con 38 grados de fiebre e hipertensi\u00f3n activo el protocolo en Fraile Pintado"},"content":{"rendered":"\n<p>Lleg\u00f3 de Buenos Aires hace unos d\u00edas y presenta los s\u00edntomas. Fue atendido en la guardia del hospital zonal y derivado al San Roque.<\/p>\n\n\n\n<figure class=\"wp-block-image size-large\"><img decoding=\"async\" loading=\"lazy\" width=\"495\" height=\"242\" src=\"https:\/\/notinor.com\/jujuy\/wp-content\/uploads\/2020\/05\/fraile.jpg\" alt=\"\" class=\"wp-image-239058\"\/><\/figure>\n\n\n\n<p class=\"has-background has-vivid-cyan-blue-background-color\">Un camionero que  lleg\u00f3 el s\u00e1bado desde Buenos Aires se present\u00f3 este anoche en la guardia del hospital \"Plesbitero Escolastico Zegada\" de Fraile Pintado con 38 grados de fiebre, por lo que se activ\u00f3 el protocolo de coronavirus.<\/p>\n\n\n\n<p>El paciente que sufre de hipertensi\u00f3n y no contaba con su medicaci\u00f3n. Luego de ser revisado fue derivado al hospital San Roque de la capital juje\u00f1a en donde qued\u00f3 internado en observaci\u00f3n mientras se esperan los resultados del test, que se conocer\u00e1n esta noche, seg\u00fan adelant\u00f3 la m\u00e9dica Carmen Lavadenz.<\/p>\n\n\n\n<p>A pesar de los s\u00edntomas que presenta el hombre, los m\u00e9dicos quisieron llevar tranquilidad a la comunidad ya que aseguran que el hombre cumpli\u00f3 con el aislamiento desde que lleg\u00f3 a la provincia y adem\u00e1s no presentaba s\u00edntomas respiratorios.<\/p>\n\n\n\n<p>Teniendo en cuenta que el hombre reside en la zona del Ramal, los m\u00e9dicos sospechan que podr\u00eda tratarse de un caso de dengue. \u201cA veces puede ser fiebre por otra causa, pero se activa el protocolo porque el paciente viene de viaje\u201d, explic\u00f3 a su vez Noem\u00ed Vel\u00e1zquez, la m\u00e9dica que lo recibi\u00f3 en la guardia.<\/p>\n\n\n\n<p>\u201cNunca vamos a ocultar la activaci\u00f3n de un protocolo y las pautas que se est\u00e1n siguiendo\u201d, aclar\u00f3 por su parte la m\u00e9dica Mar\u00eda Laura Gilardoni. \u201cLo primero que vamos a hacer es informar a nuestra poblaci\u00f3n\u201d, resalt\u00f3.<\/p>\n","protected":false},"excerpt":{"rendered":"<p>Lleg\u00f3 de Buenos Aires hace unos d\u00edas y presenta los s\u00edntomas. Fue atendido en la guardia del hospital zonal y derivado al San Roque. Un camionero que lleg\u00f3 el s\u00e1bado desde Buenos Aires se present\u00f3 este anoche en la guardia del hospital \"Plesbitero Escolastico Zegada\" de Fraile Pintado con 38 grados de fiebre, por lo [&hellip;]<\/p>\n","protected":false},"author":1,"featured_media":239058,"comment_status":"open","ping_status":"open","sticky":false,"template":"","format":"standard","meta":{"_stopmodifiedupdate":false,"_modified_date":"","inline_featured_image":false,"spay_email":"","jetpack_publicize_message":"Lleg\u00f3 de Buenos Aires hace unos d\u00edas y presenta los s\u00edntomas. Fue atendido en la guardia del hospital zonal y derivado al San Roque."},"categories":[2],"tags":[],"jetpack_featured_media_url":"https:\/\/notinor.com\/jujuy\/wp-content\/uploads\/2020\/05\/fraile.jpg","jetpack_publicize_connections":[],"_links":{"self":[{"href":"https:\/\/notinor.com\/jujuy\/wp-json\/wp\/v2\/posts\/239056"}],"collection":[{"href":"https:\/\/notinor.com\/jujuy\/wp-json\/wp\/v2\/posts"}],"about":[{"href":"https:\/\/notinor.com\/jujuy\/wp-json\/wp\/v2\/types\/post"}],"author":[{"embeddable":true,"href":"https:\/\/notinor.com\/jujuy\/wp-json\/wp\/v2\/users\/1"}],"replies":[{"embeddable":true,"href":"https:\/\/notinor.com\/jujuy\/wp-json\/wp\/v2\/comments?post=239056"}],"version-history":[{"count":1,"href":"https:\/\/notinor.com\/jujuy\/wp-json\/wp\/v2\/posts\/239056\/revisions"}],"predecessor-version":[{"id":239059,"href":"https:\/\/notinor.com\/jujuy\/wp-json\/wp\/v2\/posts\/239056\/revisions\/239059"}],"wp:featuredmedia":[{"embeddable":true,"href":"https:\/\/notinor.com\/jujuy\/wp-json\/wp\/v2\/media\/239058"}],"wp:attachment":[{"href":"https:\/\/notinor.com\/jujuy\/wp-json\/wp\/v2\/media?parent=239056"}],"wp:term":[{"taxonomy":"category","embeddable":true,"href":"https:\/\/notinor.com\/jujuy\/wp-json\/wp\/v2\/categories?post=239056"},{"taxonomy":"post_tag","embeddable":true,"href":"https:\/\/notinor.com\/jujuy\/wp-json\/wp\/v2\/tags?post=239056"}],"curies":[{"name":"wp","href":"https:\/\/api.w.org\/{rel}","templated":true}]}}