{"id":239055,"date":"2020-05-13T15:27:07","date_gmt":"2020-05-13T18:27:07","guid":{"rendered":"https:\/\/notinor.com\/jujuy\/?p=239055"},"modified":"2020-08-24T12:24:17","modified_gmt":"2020-08-24T15:24:17","slug":"la-mejor-entrevista-de-j-balvin-fue-con-ninos-se-van-a-reir-mucho","status":"publish","type":"post","link":"https:\/\/notinor.com\/jujuy\/la-mejor-entrevista-de-j-balvin-fue-con-ninos-se-van-a-reir-mucho\/","title":{"rendered":"La mejor entrevista de J.BALVIN fue con ni\u00f1os se van a reir mucho..."},"content":{"rendered":"\n<p>La inesperada respuesta de J Balvin en medio de entrevista con un grupo de ni\u00f1os.<\/p>\n\n\n\n<figure class=\"wp-block-image\"><img decoding=\"async\" src=\"https:\/\/i.ytimg.com\/vi\/W1beKWwkAZM\/hqdefault.jpg\" alt=\"Ni\u00f1os entrevistan a J Balvin - YouTube\"\/><\/figure>\n\n\n\n<figure class=\"wp-block-embed-youtube wp-block-embed is-type-video is-provider-youtube wp-embed-aspect-16-9 wp-has-aspect-ratio\"><div class=\"wp-block-embed__wrapper\">\n<div class=\"jeg_video_container jeg_video_content\"><iframe loading=\"lazy\" title=\"J BALVIN EN UNA ENTREVISTA MUY TIERNA\" width=\"500\" height=\"281\" src=\"https:\/\/www.youtube.com\/embed\/kb6ZopWbmRg?feature=oembed\" frameborder=\"0\" allow=\"accelerometer; autoplay; encrypted-media; gyroscope; picture-in-picture\" allowfullscreen><\/iframe><\/div>\n<\/div><\/figure>\n\n\n\n<p>A lo largo de su carrera,&nbsp;<strong>J Balvin<\/strong>&nbsp;dej\u00f3 en claro que es uno de los artistas m\u00e1s queridos por el p\u00fablico sudamericano y sus canciones no paran de escalar posiciones en los rankings m\u00e1s importantes del mundo.<\/p>\n\n\n\n<p>De hecho,\u00a0<a href=\"https:\/\/www.instagram.com\/jbalvin\/\"><strong>el cantante colombiano<\/strong><\/a>\u00a0logr\u00f3 el reconocimiento por parte de toda la industria musical, luego de presentar su \u00e1lbum m\u00e1s reciente: \u201cColores\u201d.<\/p>\n\n\n\n<p>Pero en los \u00faltimos d\u00edas,\u00a0<a href=\"https:\/\/www.instagram.com\/jbalvin\/\"><strong>J Balvin<\/strong><\/a>\u00a0se someti\u00f3 a una divertida entrevista realizada por ni\u00f1os, quienes lo interrogaron acerca de su vida y sobre todas las canciones nuevas.<\/p>\n\n\n\n<p>Tal es as\u00ed que&nbsp;<strong>el famoso cantante<\/strong>&nbsp;se convirti\u00f3 en una de las tendencias de las redes sociales, por lanzar una respuesta muy particular ante la pregunta de uno de los ni\u00f1os presentes.<\/p>\n\n\n\n<p>Con toda su inocencia y ternura, un chico le pregunt\u00f3&nbsp;<strong>al cantante de reggaet\u00f3n<\/strong>&nbsp;sobre el concepto de un videoclip y dijo: \u201c\u00bfPor qu\u00e9 hiciste que te atropellaran en Rojo?\u201d.<\/p>\n\n\n\n<p>Acto seguido,\u00a0<strong>el cantante de 34 a\u00f1os<\/strong>\u00a0respondi\u00f3 con total seguridad: \u201cPorque quer\u00eda mandar un mensaje de que no se debe manejar con el celular\u201d.<br> Sin embargo, en el video\u00a0<strong>el cantante<\/strong>\u00a0sufre un accidente de tr\u00e1nsito, es por eso que quiso darles una aclaraci\u00f3n muy llamativa: \u201cY para que tengan presente que alg\u00fan d\u00eda nos vamos a morir\u201d <br><\/p>\n","protected":false},"excerpt":{"rendered":"<p>La inesperada respuesta de J Balvin en medio de entrevista con un grupo de ni\u00f1os. A lo largo de su carrera,&nbsp;J Balvin&nbsp;dej\u00f3 en claro que es uno de los artistas m\u00e1s queridos por el p\u00fablico sudamericano y sus canciones no paran de escalar posiciones en los rankings m\u00e1s importantes del mundo. De hecho,\u00a0el cantante colombiano\u00a0logr\u00f3 [&hellip;]<\/p>\n","protected":false},"author":1,"featured_media":239087,"comment_status":"open","ping_status":"open","sticky":false,"template":"","format":"standard","meta":{"_stopmodifiedupdate":false,"_modified_date":"","inline_featured_image":false,"spay_email":"","jetpack_publicize_message":""},"categories":[21],"tags":[],"jetpack_featured_media_url":"https:\/\/notinor.com\/jujuy\/wp-content\/uploads\/2020\/05\/JBALVIN-1.jpg","jetpack_publicize_connections":[],"_links":{"self":[{"href":"https:\/\/notinor.com\/jujuy\/wp-json\/wp\/v2\/posts\/239055"}],"collection":[{"href":"https:\/\/notinor.com\/jujuy\/wp-json\/wp\/v2\/posts"}],"about":[{"href":"https:\/\/notinor.com\/jujuy\/wp-json\/wp\/v2\/types\/post"}],"author":[{"embeddable":true,"href":"https:\/\/notinor.com\/jujuy\/wp-json\/wp\/v2\/users\/1"}],"replies":[{"embeddable":true,"href":"https:\/\/notinor.com\/jujuy\/wp-json\/wp\/v2\/comments?post=239055"}],"version-history":[{"count":1,"href":"https:\/\/notinor.com\/jujuy\/wp-json\/wp\/v2\/posts\/239055\/revisions"}],"predecessor-version":[{"id":239088,"href":"https:\/\/notinor.com\/jujuy\/wp-json\/wp\/v2\/posts\/239055\/revisions\/239088"}],"wp:featuredmedia":[{"embeddable":true,"href":"https:\/\/notinor.com\/jujuy\/wp-json\/wp\/v2\/media\/239087"}],"wp:attachment":[{"href":"https:\/\/notinor.com\/jujuy\/wp-json\/wp\/v2\/media?parent=239055"}],"wp:term":[{"taxonomy":"category","embeddable":true,"href":"https:\/\/notinor.com\/jujuy\/wp-json\/wp\/v2\/categories?post=239055"},{"taxonomy":"post_tag","embeddable":true,"href":"https:\/\/notinor.com\/jujuy\/wp-json\/wp\/v2\/tags?post=239055"}],"curies":[{"name":"wp","href":"https:\/\/api.w.org\/{rel}","templated":true}]}}