{"id":239051,"date":"2020-05-13T13:44:30","date_gmt":"2020-05-13T16:44:30","guid":{"rendered":"https:\/\/notinor.com\/jujuy\/?p=239051"},"modified":"2020-05-13T13:44:31","modified_gmt":"2020-05-13T16:44:31","slug":"analizan-en-la-legislatura-provincial-la-ley-de-emergencia-turistica","status":"publish","type":"post","link":"https:\/\/notinor.com\/jujuy\/analizan-en-la-legislatura-provincial-la-ley-de-emergencia-turistica\/","title":{"rendered":"Analizan en la legislatura provincial la ley de Emergencia tur\u00edstica"},"content":{"rendered":"\n<p>La Comisi\u00f3n de Cultura y Turismo de la Legislatura contin\u00faa trabajando en la Ley que declarar\u00eda la emergencia del sector tur\u00edstico en toda la provincia.<\/p>\n\n\n\n<figure class=\"wp-block-image size-large\"><img decoding=\"async\" loading=\"lazy\" width=\"2048\" height=\"1220\" src=\"https:\/\/i1.wp.com\/notinor.com\/jujuy\/wp-content\/uploads\/2020\/05\/emergencia.jpg?fit=806%2C480&amp;ssl=1\" alt=\"\" class=\"wp-image-239052\" srcset=\"https:\/\/notinor.com\/jujuy\/wp-content\/uploads\/2020\/05\/emergencia.jpg 2048w, https:\/\/notinor.com\/jujuy\/wp-content\/uploads\/2020\/05\/emergencia-613x365.jpg 613w, https:\/\/notinor.com\/jujuy\/wp-content\/uploads\/2020\/05\/emergencia-806x480.jpg 806w, https:\/\/notinor.com\/jujuy\/wp-content\/uploads\/2020\/05\/emergencia-768x458.jpg 768w, https:\/\/notinor.com\/jujuy\/wp-content\/uploads\/2020\/05\/emergencia-1536x915.jpg 1536w\" sizes=\"(max-width: 2048px) 100vw, 2048px\" \/><\/figure>\n\n\n\n<p class=\"has-background has-vivid-cyan-blue-background-color\">La presidenta de la Comisi\u00f3n, Mariela Ortiz, se\u00f1al\u00f3 \u201cel esp\u00edritu es brindar un acompa\u00f1amiento real en estos momentos, brindarle una oxigenaci\u00f3n al sector tur\u00edstico para que puedan sostener sus emprendimientos, sus fuentes laborales.<\/p>\n\n\n\n<p>Necesitamos acompa\u00f1arlos con posibilidades concretas como \u00e9sta que estamos desarrollando dentro del marco de la Ley\u201d.<\/p>\n","protected":false},"excerpt":{"rendered":"<p>La Comisi\u00f3n de Cultura y Turismo de la Legislatura contin\u00faa trabajando en la Ley que declarar\u00eda la emergencia del sector tur\u00edstico en toda la provincia. La presidenta de la Comisi\u00f3n, Mariela Ortiz, se\u00f1al\u00f3 \u201cel esp\u00edritu es brindar un acompa\u00f1amiento real en estos momentos, brindarle una oxigenaci\u00f3n al sector tur\u00edstico para que puedan sostener sus emprendimientos, [&hellip;]<\/p>\n","protected":false},"author":1,"featured_media":239052,"comment_status":"closed","ping_status":"closed","sticky":false,"template":"","format":"standard","meta":{"_stopmodifiedupdate":false,"_modified_date":"","inline_featured_image":false,"spay_email":"","jetpack_publicize_message":"La Comisi\u00f3n de Cultura y Turismo de la Legislatura contin\u00faa trabajando en la Ley que declarar\u00eda la emergencia del sector tur\u00edstico en toda la provincia."},"categories":[514,501],"tags":[],"jetpack_featured_media_url":"https:\/\/notinor.com\/jujuy\/wp-content\/uploads\/2020\/05\/emergencia.jpg","jetpack_publicize_connections":[],"_links":{"self":[{"href":"https:\/\/notinor.com\/jujuy\/wp-json\/wp\/v2\/posts\/239051"}],"collection":[{"href":"https:\/\/notinor.com\/jujuy\/wp-json\/wp\/v2\/posts"}],"about":[{"href":"https:\/\/notinor.com\/jujuy\/wp-json\/wp\/v2\/types\/post"}],"author":[{"embeddable":true,"href":"https:\/\/notinor.com\/jujuy\/wp-json\/wp\/v2\/users\/1"}],"replies":[{"embeddable":true,"href":"https:\/\/notinor.com\/jujuy\/wp-json\/wp\/v2\/comments?post=239051"}],"version-history":[{"count":2,"href":"https:\/\/notinor.com\/jujuy\/wp-json\/wp\/v2\/posts\/239051\/revisions"}],"predecessor-version":[{"id":239054,"href":"https:\/\/notinor.com\/jujuy\/wp-json\/wp\/v2\/posts\/239051\/revisions\/239054"}],"wp:featuredmedia":[{"embeddable":true,"href":"https:\/\/notinor.com\/jujuy\/wp-json\/wp\/v2\/media\/239052"}],"wp:attachment":[{"href":"https:\/\/notinor.com\/jujuy\/wp-json\/wp\/v2\/media?parent=239051"}],"wp:term":[{"taxonomy":"category","embeddable":true,"href":"https:\/\/notinor.com\/jujuy\/wp-json\/wp\/v2\/categories?post=239051"},{"taxonomy":"post_tag","embeddable":true,"href":"https:\/\/notinor.com\/jujuy\/wp-json\/wp\/v2\/tags?post=239051"}],"curies":[{"name":"wp","href":"https:\/\/api.w.org\/{rel}","templated":true}]}}