{"id":239039,"date":"2020-05-13T12:08:43","date_gmt":"2020-05-13T15:08:43","guid":{"rendered":"https:\/\/notinor.com\/jujuy\/?p=239039"},"modified":"2020-05-13T12:08:47","modified_gmt":"2020-05-13T15:08:47","slug":"habilitan-la-importacion-de-cigarrillos-para-evitar-el-desabastecimiento","status":"publish","type":"post","link":"https:\/\/notinor.com\/jujuy\/habilitan-la-importacion-de-cigarrillos-para-evitar-el-desabastecimiento\/","title":{"rendered":"Habilitan la importaci\u00f3n de cigarrillos para evitar el desabastecimiento"},"content":{"rendered":"\n<p>La AFIP lanz\u00f3 una resoluci\u00f3n que fue publicada en el Bolet\u00edn\nOficial en la que permite, hasta el 30 de septiembre, la llegada y\ncomercializaci\u00f3n de ese tipo de productos.<\/p>\n\n\n\n<figure class=\"wp-block-image size-large\"><img decoding=\"async\" loading=\"lazy\" width=\"750\" height=\"373\" src=\"https:\/\/notinor.com\/jujuy\/wp-content\/uploads\/2020\/05\/cigarrillos1.jpg\" alt=\"\" class=\"wp-image-239041\" srcset=\"https:\/\/notinor.com\/jujuy\/wp-content\/uploads\/2020\/05\/cigarrillos1.jpg 750w, https:\/\/notinor.com\/jujuy\/wp-content\/uploads\/2020\/05\/cigarrillos1-660x328.jpg 660w\" sizes=\"(max-width: 750px) 100vw, 750px\" \/><\/figure>\n\n\n\n<p class=\"has-background has-vivid-cyan-blue-background-color\"><strong>La Administraci\u00f3n Federal de Ingresos P\u00fablicos ( AFIP) dispuso con car\u00e1cter de excepci\u00f3n que, hasta el 30 de setiembre pr\u00f3ximo, podr\u00e1n importarse cigarrillos para evitar el desabastecimiento que podr\u00eda ocurrir como consecuencia del parate en la producci\u00f3n tabacalera por la emergencia sanitaria.<\/strong><\/p>\n\n\n\n<p>Lo hizo a trav\u00e9s de la Resoluci\u00f3n General 4715\/2020\npublicada hoy en el Bolet\u00edn Oficial, donde consider\u00f3 que \u201cen ese contexto\nexcepcional, las empresas representativas del sector tabacalero han manifestado\na esta Administraci\u00f3n Federal inconvenientes en el desarrollo de la manufactura\nde sus productos\u201d.<\/p>\n\n\n\n<p>Remarc\u00f3 que \u201ccomo alternativa para no desabastecer al\nmercado local, las empresas est\u00e1n recurriendo a la importaci\u00f3n de cigarrillos\u201d.<\/p>\n\n\n\n<p>\u201cEn orden a ello y atendiendo a razones operativas\nvinculadas con la disponibilidad de dichos instrumentos, este organismo estima\nconveniente establecer, como medida de excepci\u00f3n, la posibilidad de utilizar,\npara el caso de cigarrillos importados, instrumentos de color azul\u201d, se\u00f1al\u00f3 la\nAFIP.<\/p>\n\n\n\n<p>La utilizaci\u00f3n del color azul significa la habilitaci\u00f3n de\nla importaci\u00f3n y, de acuerdo con la resoluci\u00f3n, los paquetes deber\u00e1n contener\nimpresa la leyenda \u201cimportado\u201d.\n\nAyer se hab\u00eda publicado la decisi\u00f3n\nadministrativa 763\/2020, a trav\u00e9s de la cual el Gobierno exceptu\u00f3 a las\nempresas tabacaleras y al personal afectado a su actividad del aislamiento,\npreventivo y obligatorio por la pandemia de coronavirus\n\n\n\n<\/p>\n","protected":false},"excerpt":{"rendered":"<p>La AFIP lanz\u00f3 una resoluci\u00f3n que fue publicada en el Bolet\u00edn Oficial en la que permite, hasta el 30 de septiembre, la llegada y comercializaci\u00f3n de ese tipo de productos. La Administraci\u00f3n Federal de Ingresos P\u00fablicos ( AFIP) dispuso con car\u00e1cter de excepci\u00f3n que, hasta el 30 de setiembre pr\u00f3ximo, podr\u00e1n importarse cigarrillos para evitar [&hellip;]<\/p>\n","protected":false},"author":5,"featured_media":61329,"comment_status":"open","ping_status":"open","sticky":false,"template":"","format":"standard","meta":{"_stopmodifiedupdate":false,"_modified_date":"","inline_featured_image":false,"spay_email":"","jetpack_publicize_message":"La AFIP lanz\u00f3 una resoluci\u00f3n que fue publicada en el Bolet\u00edn Oficial en la que permite, hasta el 30 de septiembre, la llegada y comercializaci\u00f3n de ese tipo de productos."},"categories":[5],"tags":[],"jetpack_featured_media_url":"https:\/\/notinor.com\/jujuy\/wp-content\/uploads\/2016\/02\/cigarrillos.jpg","jetpack_publicize_connections":[],"_links":{"self":[{"href":"https:\/\/notinor.com\/jujuy\/wp-json\/wp\/v2\/posts\/239039"}],"collection":[{"href":"https:\/\/notinor.com\/jujuy\/wp-json\/wp\/v2\/posts"}],"about":[{"href":"https:\/\/notinor.com\/jujuy\/wp-json\/wp\/v2\/types\/post"}],"author":[{"embeddable":true,"href":"https:\/\/notinor.com\/jujuy\/wp-json\/wp\/v2\/users\/5"}],"replies":[{"embeddable":true,"href":"https:\/\/notinor.com\/jujuy\/wp-json\/wp\/v2\/comments?post=239039"}],"version-history":[{"count":1,"href":"https:\/\/notinor.com\/jujuy\/wp-json\/wp\/v2\/posts\/239039\/revisions"}],"predecessor-version":[{"id":239042,"href":"https:\/\/notinor.com\/jujuy\/wp-json\/wp\/v2\/posts\/239039\/revisions\/239042"}],"wp:featuredmedia":[{"embeddable":true,"href":"https:\/\/notinor.com\/jujuy\/wp-json\/wp\/v2\/media\/61329"}],"wp:attachment":[{"href":"https:\/\/notinor.com\/jujuy\/wp-json\/wp\/v2\/media?parent=239039"}],"wp:term":[{"taxonomy":"category","embeddable":true,"href":"https:\/\/notinor.com\/jujuy\/wp-json\/wp\/v2\/categories?post=239039"},{"taxonomy":"post_tag","embeddable":true,"href":"https:\/\/notinor.com\/jujuy\/wp-json\/wp\/v2\/tags?post=239039"}],"curies":[{"name":"wp","href":"https:\/\/api.w.org\/{rel}","templated":true}]}}