{"id":239034,"date":"2020-05-13T11:58:00","date_gmt":"2020-05-13T14:58:00","guid":{"rendered":"https:\/\/notinor.com\/jujuy\/?p=239034"},"modified":"2020-05-13T11:58:05","modified_gmt":"2020-05-13T14:58:05","slug":"presentacion-de-actividades-fisicas-en-san-pedro","status":"publish","type":"post","link":"https:\/\/notinor.com\/jujuy\/presentacion-de-actividades-fisicas-en-san-pedro\/","title":{"rendered":"Presentaci\u00f3n de actividades f\u00edsicas en San Pedro"},"content":{"rendered":"\n<p> Las pr\u00e1cticas deportivas deber\u00e1n cumplir las medidas sanitarias y epidemiol\u00f3gicas del Comit\u00e9 Operativo de Emergencia (COE) y las de aislamiento social, preventivo y obligatorio dispuestas por el Gobierno Nacional y Provincial por el COVID 19. <\/p>\n\n\n\n<figure class=\"wp-block-image size-large\"><img decoding=\"async\" loading=\"lazy\" width=\"641\" height=\"480\" src=\"https:\/\/notinor.com\/jujuy\/wp-content\/uploads\/2020\/05\/Secretario-Deportes-en-San-Pedro-1024x768-1-641x480.jpeg\" alt=\"\" class=\"wp-image-239035\" srcset=\"https:\/\/notinor.com\/jujuy\/wp-content\/uploads\/2020\/05\/Secretario-Deportes-en-San-Pedro-1024x768-1-641x480.jpeg 641w, https:\/\/notinor.com\/jujuy\/wp-content\/uploads\/2020\/05\/Secretario-Deportes-en-San-Pedro-1024x768-1-487x365.jpeg 487w, https:\/\/notinor.com\/jujuy\/wp-content\/uploads\/2020\/05\/Secretario-Deportes-en-San-Pedro-1024x768-1.jpeg 750w\" sizes=\"(max-width: 641px) 100vw, 641px\" \/><\/figure>\n\n\n\n<p class=\"has-background has-vivid-cyan-blue-background-color\"><strong>Con la presencia del secretario de Deportes y Recreaci\u00f3n de la provincia, Hugo Flores, se realiz\u00f3 en la ciudad de San Pedro la presentaci\u00f3n de las actividades deportivas individuales que estar\u00e1n habilitadas desde el mi\u00e9rcoles 13 de mayo: tenis, paddle single, golf y atletismo. Las pr\u00e1cticas deportivas deber\u00e1n cumplir las medidas sanitarias y epidemiol\u00f3gicas del Comit\u00e9 Operativo de Emergencia (COE) y las de aislamiento social, preventivo y obligatorio dispuestas por el Gobierno Nacional y Provincial por el COVID 19.<\/strong><\/p>\n\n\n\n<p>Participaron del acto, el intendente local Julio Bravo; el\ndirector de Deportes, Jos\u00e9 Cabrera y la subsecretaria de Deportes, Valeria\nTrujillo, quienes trabajan articuladamente con la Provincia en las acciones\nencaradas a trav\u00e9s de la Red de Municipios.<\/p>\n\n\n\n<p>Las actividades previstas son \u00fanicamente para\nacondicionamiento f\u00edsico, no se puede utilizar elementos deportivos, establecer\nla aptitud f\u00edsica, la condici\u00f3n saludable de las personas.<\/p>\n\n\n\n<p>El intendente Julio Bravo indic\u00f3 que \u00abtenemos todo organizado,\naprovechamos la presencia del profesor Hugo Flores y estuvimos hablando sobre\nel futuro, ayer conversamos tambi\u00e9n con el Gobernador Gerardo Morales del tema\ndel deporte, de los subsidios. Jujuy es \u00fanica provincia donde el Gobernador\njunto con la Secretar\u00eda de Deportes y la Ministra de Desarrollo Humano han\ntomado la decisi\u00f3n de ir en auxilio de ligas de f\u00fatbol, federaciones, de los\ngimnasios\u00bb.<\/p>\n\n\n\n<p>Por su parte, el secretario de Deportes y Recreaci\u00f3n Hugo\nFlores destac\u00f3 que \u00abSan Pedro tiene la particularidad que hace como 10 d\u00edas\nviene trabajando con este tema, tiene un protocolo preparado como en el\natletismo, hay algunas actividades que se agregaron que van a tener que\nreorganizar, sobre todo de los protocolos de bioseguridad, el uso del barbijo,\nel distanciamiento social, la circulaci\u00f3n a trav\u00e9s del n\u00famero de documento\nseg\u00fan corresponda par o impar y otro\u00bb.<\/p>\n\n\n\n<p>El funcionario dijo, adem\u00e1s, que \u00abvan a estar habilitadas\nlas actividades f\u00edsicas al aire libre en espacios abiertos y tambi\u00e9n se\nhabilitan espacios como los clubes que tienen canchas cercadas en las cuales se\npuede acceder y retirarse de una manera segura, donde se puede aplicar el\nprotocolo de bioseguridad, cada espacio tiene un protocolo de cantidad de\npersonas que es importante que las respeten\u00bb.<\/p>\n\n\n\n<p>Se refiri\u00f3 a que \u00abesta es la segunda fase, la primera era\ncon un aspecto recreativo y familiar para que la familia salga a caminar,\ncorrer, andar en bicicleta que sigue vigente, los menores de 16 a\u00f1os siguen con\nesa apertura de poder salir a hacer estas actividades con la presencia del\ntutor o padre, en este caso las actividades que se est\u00e1n abriendo, que se est\u00e1\ndando apertura es a partir de los 16 a\u00f1os es todo de lunes a s\u00e1bado, ya est\u00e1\nestipulado con los permisos de circulaci\u00f3n\u00bb.<\/p>\n\n\n\n<p>Finalmente resalt\u00f3 \u00abla supervisi\u00f3n y la aplicaci\u00f3n de las\nnormativas es potestad de los municipios, que van a tomar sus propias\ndecisiones en la manera en que va articular los espacios que van a habilitar y\nen la forma en que se va a poder desarrollar\u00bb.<\/p>\n","protected":false},"excerpt":{"rendered":"<p>Las pr\u00e1cticas deportivas deber\u00e1n cumplir las medidas sanitarias y epidemiol\u00f3gicas del Comit\u00e9 Operativo de Emergencia (COE) y las de aislamiento social, preventivo y obligatorio dispuestas por el Gobierno Nacional y Provincial por el COVID 19. Con la presencia del secretario de Deportes y Recreaci\u00f3n de la provincia, Hugo Flores, se realiz\u00f3 en la ciudad de [&hellip;]<\/p>\n","protected":false},"author":37,"featured_media":239036,"comment_status":"open","ping_status":"open","sticky":false,"template":"","format":"standard","meta":{"_stopmodifiedupdate":false,"_modified_date":"","inline_featured_image":false,"spay_email":"","jetpack_publicize_message":" Las pr\u00e1cticas deportivas deber\u00e1n cumplir las medidas sanitarias y epidemiol\u00f3gicas del Comit\u00e9 Operativo de Emergencia (COE) y las de aislamiento social, preventivo y obligatorio dispuestas por el Gobierno Nacional y Provincial por el COVID 19. "},"categories":[4],"tags":[],"jetpack_featured_media_url":"https:\/\/notinor.com\/jujuy\/wp-content\/uploads\/2020\/05\/SAN-PEDRO.jpeg","jetpack_publicize_connections":[],"_links":{"self":[{"href":"https:\/\/notinor.com\/jujuy\/wp-json\/wp\/v2\/posts\/239034"}],"collection":[{"href":"https:\/\/notinor.com\/jujuy\/wp-json\/wp\/v2\/posts"}],"about":[{"href":"https:\/\/notinor.com\/jujuy\/wp-json\/wp\/v2\/types\/post"}],"author":[{"embeddable":true,"href":"https:\/\/notinor.com\/jujuy\/wp-json\/wp\/v2\/users\/37"}],"replies":[{"embeddable":true,"href":"https:\/\/notinor.com\/jujuy\/wp-json\/wp\/v2\/comments?post=239034"}],"version-history":[{"count":1,"href":"https:\/\/notinor.com\/jujuy\/wp-json\/wp\/v2\/posts\/239034\/revisions"}],"predecessor-version":[{"id":239037,"href":"https:\/\/notinor.com\/jujuy\/wp-json\/wp\/v2\/posts\/239034\/revisions\/239037"}],"wp:featuredmedia":[{"embeddable":true,"href":"https:\/\/notinor.com\/jujuy\/wp-json\/wp\/v2\/media\/239036"}],"wp:attachment":[{"href":"https:\/\/notinor.com\/jujuy\/wp-json\/wp\/v2\/media?parent=239034"}],"wp:term":[{"taxonomy":"category","embeddable":true,"href":"https:\/\/notinor.com\/jujuy\/wp-json\/wp\/v2\/categories?post=239034"},{"taxonomy":"post_tag","embeddable":true,"href":"https:\/\/notinor.com\/jujuy\/wp-json\/wp\/v2\/tags?post=239034"}],"curies":[{"name":"wp","href":"https:\/\/api.w.org\/{rel}","templated":true}]}}