{"id":239030,"date":"2020-05-13T11:42:06","date_gmt":"2020-05-13T14:42:06","guid":{"rendered":"https:\/\/notinor.com\/jujuy\/?p=239030"},"modified":"2020-05-13T11:42:13","modified_gmt":"2020-05-13T14:42:13","slug":"oficinas-de-agua-potable-de-jujuy-no-atenderan-al-publico-el-viernes","status":"publish","type":"post","link":"https:\/\/notinor.com\/jujuy\/oficinas-de-agua-potable-de-jujuy-no-atenderan-al-publico-el-viernes\/","title":{"rendered":"Oficinas de Agua Potable de Jujuy no atender\u00e1n al p\u00fablico el viernes"},"content":{"rendered":"\n<p>Se mantendr\u00e1n las guardias para urgencias con el fin de garantizar el servicio. <\/p>\n\n\n\n<figure class=\"wp-block-image size-large\"><img decoding=\"async\" loading=\"lazy\" width=\"480\" height=\"480\" src=\"https:\/\/notinor.com\/jujuy\/wp-content\/uploads\/2020\/05\/sin-atenci\u00f3n-al-p\u00fablico4-1140x1141-1-480x480.png\" alt=\"\" class=\"wp-image-239032\" srcset=\"https:\/\/notinor.com\/jujuy\/wp-content\/uploads\/2020\/05\/sin-atenci\u00f3n-al-p\u00fablico4-1140x1141-1-480x480.png 480w, https:\/\/notinor.com\/jujuy\/wp-content\/uploads\/2020\/05\/sin-atenci\u00f3n-al-p\u00fablico4-1140x1141-1-365x365.png 365w, https:\/\/notinor.com\/jujuy\/wp-content\/uploads\/2020\/05\/sin-atenci\u00f3n-al-p\u00fablico4-1140x1141-1-100x100.png 100w, https:\/\/notinor.com\/jujuy\/wp-content\/uploads\/2020\/05\/sin-atenci\u00f3n-al-p\u00fablico4-1140x1141-1-75x75.png 75w, https:\/\/notinor.com\/jujuy\/wp-content\/uploads\/2020\/05\/sin-atenci\u00f3n-al-p\u00fablico4-1140x1141-1.png 750w\" sizes=\"(max-width: 480px) 100vw, 480px\" \/><\/figure>\n\n\n\n<p class=\"has-background has-vivid-cyan-blue-background-color\"><strong>Agua Potable de Jujuy S.E, informa que pr\u00f3ximo viernes 15 de mayo, no habr\u00e1 atenci\u00f3n al p\u00fablico en las Oficinas Comerciales, Call Center y Unidades Operativas de toda la provincia, por la conmemoraci\u00f3n del D\u00eda del Trabajador Sanitarista.<\/strong><\/p>\n\n\n\n<p>Asimismo, se indic\u00f3 que se mantendr\u00e1n las guardias para\nurgencias con el fin de garantizar el servicio.<\/p>\n","protected":false},"excerpt":{"rendered":"<p>Se mantendr\u00e1n las guardias para urgencias con el fin de garantizar el servicio. Agua Potable de Jujuy S.E, informa que pr\u00f3ximo viernes 15 de mayo, no habr\u00e1 atenci\u00f3n al p\u00fablico en las Oficinas Comerciales, Call Center y Unidades Operativas de toda la provincia, por la conmemoraci\u00f3n del D\u00eda del Trabajador Sanitarista. Asimismo, se indic\u00f3 que [&hellip;]<\/p>\n","protected":false},"author":37,"featured_media":239032,"comment_status":"open","ping_status":"open","sticky":false,"template":"","format":"standard","meta":{"_stopmodifiedupdate":false,"_modified_date":"","inline_featured_image":false,"spay_email":"","jetpack_publicize_message":"Se mantendr\u00e1n las guardias para urgencias con el fin de garantizar el servicio. "},"categories":[514],"tags":[],"jetpack_featured_media_url":"https:\/\/notinor.com\/jujuy\/wp-content\/uploads\/2020\/05\/sin-atenci\u00f3n-al-p\u00fablico4-1140x1141-1.png","jetpack_publicize_connections":[],"_links":{"self":[{"href":"https:\/\/notinor.com\/jujuy\/wp-json\/wp\/v2\/posts\/239030"}],"collection":[{"href":"https:\/\/notinor.com\/jujuy\/wp-json\/wp\/v2\/posts"}],"about":[{"href":"https:\/\/notinor.com\/jujuy\/wp-json\/wp\/v2\/types\/post"}],"author":[{"embeddable":true,"href":"https:\/\/notinor.com\/jujuy\/wp-json\/wp\/v2\/users\/37"}],"replies":[{"embeddable":true,"href":"https:\/\/notinor.com\/jujuy\/wp-json\/wp\/v2\/comments?post=239030"}],"version-history":[{"count":1,"href":"https:\/\/notinor.com\/jujuy\/wp-json\/wp\/v2\/posts\/239030\/revisions"}],"predecessor-version":[{"id":239033,"href":"https:\/\/notinor.com\/jujuy\/wp-json\/wp\/v2\/posts\/239030\/revisions\/239033"}],"wp:featuredmedia":[{"embeddable":true,"href":"https:\/\/notinor.com\/jujuy\/wp-json\/wp\/v2\/media\/239032"}],"wp:attachment":[{"href":"https:\/\/notinor.com\/jujuy\/wp-json\/wp\/v2\/media?parent=239030"}],"wp:term":[{"taxonomy":"category","embeddable":true,"href":"https:\/\/notinor.com\/jujuy\/wp-json\/wp\/v2\/categories?post=239030"},{"taxonomy":"post_tag","embeddable":true,"href":"https:\/\/notinor.com\/jujuy\/wp-json\/wp\/v2\/tags?post=239030"}],"curies":[{"name":"wp","href":"https:\/\/api.w.org\/{rel}","templated":true}]}}