{"id":238960,"date":"2020-05-12T21:20:03","date_gmt":"2020-05-13T00:20:03","guid":{"rendered":"https:\/\/notinor.com\/jujuy\/?p=238960"},"modified":"2020-05-12T21:20:08","modified_gmt":"2020-05-13T00:20:08","slug":"buenos-aires-y-otros-lugares-de-la-tierra-vistos-desde-el-espacio-exterior-en-tiempos-de-cuarentena","status":"publish","type":"post","link":"https:\/\/notinor.com\/jujuy\/buenos-aires-y-otros-lugares-de-la-tierra-vistos-desde-el-espacio-exterior-en-tiempos-de-cuarentena\/","title":{"rendered":"Buenos Aires y otros lugares de la Tierra vistos desde el espacio exterior en tiempos de cuarentena"},"content":{"rendered":"\n<figure class=\"wp-block-image\"><img decoding=\"async\" src=\"https:\/\/cloudfront-us-east-1.images.arcpublishing.com\/infobae\/ZAHBCAQ2Z5AXREYWU46C7QXBN4.jpg\" alt=\"Foto de la provincia de Buenos Aires sacada desde el espacio exterior\"\/><\/figure>\n\n\n\n<p>En la imagen se observa perfectamente la silueta de la costa de la Provincia de Buenos Aires, la desembocadura del R\u00edo de la Plata y la costa de Uruguay. As\u00ed es la foto sacada por la&nbsp;<strong>Estaci\u00f3n Espacial Internacional (EEI)<\/strong>, que la NASA dio a conocer en las \u00faltimas semanas y que es parte de una serie de im\u00e1genes que reflejan distintos puntos del planeta vistos desde el espacio exterior a partir del momento en que casi media humanidad comenz\u00f3 la etapa de confinamiento ante la amenaza del COVID-19.<\/p>\n\n\n\n<p>Pero adem\u00e1s de su paso por el Oc\u00e9ano Atl\u00e1ntico, en el que retrat\u00f3 la costa bonaerense, la Agencia Espacial de Estados Unidos -a trav\u00e9s de la EEI y de algunos de sus astronautas- tambi\u00e9n divulg\u00f3 postales de otros lugares de la Tierra como&nbsp;la pen\u00ednsula de Florida, el Golfo de M\u00e9xico, Jap\u00f3n, parte de Italia, el Oc\u00e9ano \u00cdndico, la ciudad de Doha o Nueva York. Algunas se ven casi tan n\u00edtidas como la de Buenos Aires, en otras se observan las espectaculares luces artificiales; y en otras, maravillas naturales como las auroras boreales.<\/p>\n\n\n\n<p>Varias fueron tomadas en marzo cuando reci\u00e9n comenzaba a sentirse la amenaza del virus, mientras que hay im\u00e1genes que corresponden a abril y los primeros d\u00edas de mayo, cuando ya gran parte de la poblaci\u00f3n mundial se hab\u00eda sometido al aislamiento preventivo.<\/p>\n\n\n\n<p> El Golfo de M\u00e9xico <\/p>\n\n\n\n<figure class=\"wp-block-image\"><img decoding=\"async\" src=\"https:\/\/cloudfront-us-east-1.images.arcpublishing.com\/infobae\/6HRAXC54JFFZVIFEFY3PGVDSCU.jpg\" alt=\"Imagen satelital del Golfo de M\u00e9xico \"\/><\/figure>\n\n\n\n<p>Esta foto fue publicada por la astronauta Jessica Neir, en la que destaca la Isla del Carmen y la biodiversidad del lugar.<\/p>\n\n\n\n<p>Jap\u00f3n y especialmente Tokio<br><\/p>\n\n\n\n<figure class=\"wp-block-image\"><img decoding=\"async\" src=\"https:\/\/cloudfront-us-east-1.images.arcpublishing.com\/infobae\/QT5E4EHE2NGOZIWDIIHFLMIV5M.jpg\" alt=\"Las luces de Tokio\"\/><\/figure>\n\n\n\n<p>Jap\u00f3n visto desde la Estaci\u00f3n Internacional y abajo su capital, Tokio, m\u00e1s luminosa<\/p>\n\n\n\n<p>Doha<\/p>\n\n\n\n<figure class=\"wp-block-image\"><img decoding=\"async\" src=\"https:\/\/cloudfront-us-east-1.images.arcpublishing.com\/infobae\/QXXHBSP62VHULO2GENVOHHFMPI.jpg\" alt=\"La ciudad de Doha\"\/><\/figure>\n\n\n\n<p>Doha, la capital de Catar, se observa completamente iluminada en horas de la noche. La imagen fue publicada el 27 de marzo pasado.<\/p>\n\n\n\n<p>Pen\u00ednsula de Florida<\/p>\n\n\n\n<figure class=\"wp-block-image\"><a href=\"https:\/\/twitter.com\/intent\/tweet?text=Buenos%20Aires%20y%20otros%20lugares%20de%20la%20Tierra%20vistos%20desde%20el%20espacio%20exterior%20en%20tiempos%20de%20cuarentena&amp;url=https:\/\/www.infobae.com\/fotos\/2020\/05\/12\/buenos-aires-y-otros-lugares-de-la-tierra-vistos-desde-el-espacio-exterior-en-tiempos-de-cuarentena\/%233NDBFUEBTJEKZJFGP6GJV4TWGU\" target=\"_blank\" rel=\"noreferrer noopener\"><img decoding=\"async\" src=\"https:\/\/cloudfront-us-east-1.images.arcpublishing.com\/infobae\/3NDBFUEBTJEKZJFGP6GJV4TWGU.jpg\" alt=\"Estado de La Florida\"\/><\/a><\/figure>\n\n\n\n<p>La pen\u00ednsula de La Florida tambi\u00e9n fue retratada por el sat\u00e9lite. Se ve casi perfectamente la zona de South Beach, en la ciudad de Miami, durante un d\u00eda con poca nubosidad.<\/p>\n\n\n\n<p>Golfo P\u00e9rsico<\/p>\n\n\n\n<figure class=\"wp-block-image\"><a href=\"https:\/\/twitter.com\/intent\/tweet?text=Buenos%20Aires%20y%20otros%20lugares%20de%20la%20Tierra%20vistos%20desde%20el%20espacio%20exterior%20en%20tiempos%20de%20cuarentena&amp;url=https:\/\/www.infobae.com\/fotos\/2020\/05\/12\/buenos-aires-y-otros-lugares-de-la-tierra-vistos-desde-el-espacio-exterior-en-tiempos-de-cuarentena\/%23ZCUAZTEAQFD2HNRO3UTOUBFISU\" target=\"_blank\" rel=\"noreferrer noopener\"><img decoding=\"async\" src=\"https:\/\/cloudfront-us-east-1.images.arcpublishing.com\/infobae\/ZCUAZTEAQFD2HNRO3UTOUBFISU.jpg\" alt=\"Golfo P\u00e9rsico\"\/><\/a><\/figure>\n\n\n\n<p>Uno de los lugares fotografiados por la EEI fue el Golfo P\u00e9rsico. \u201cLos matices iluminados por la luna y los mares de la Tierra brillan tenuemente a medida que las luces de la ciudad brillan en las costas del Mar Rojo y el Golfo P\u00e9rsico\u201d, explica la Estaci\u00f3n en sus redes sociales.<\/p>\n\n\n\n<figure class=\"wp-block-image\"><a href=\"https:\/\/twitter.com\/intent\/tweet?text=Buenos%20Aires%20y%20otros%20lugares%20de%20la%20Tierra%20vistos%20desde%20el%20espacio%20exterior%20en%20tiempos%20de%20cuarentena&amp;url=https:\/\/www.infobae.com\/fotos\/2020\/05\/12\/buenos-aires-y-otros-lugares-de-la-tierra-vistos-desde-el-espacio-exterior-en-tiempos-de-cuarentena\/%2347JIBTZ23RBBPMIRLVEITDK2SI\" target=\"_blank\" rel=\"noreferrer noopener\"><img decoding=\"async\" src=\"https:\/\/cloudfront-us-east-1.images.arcpublishing.com\/infobae\/47JIBTZ23RBBPMIRLVEITDK2SI.jpg\" alt=\"Otra foto del Golfo P\u00e9rsico \"\/><\/a><\/figure>\n\n\n\n<p>Parte de Italia<\/p>\n\n\n\n<figure class=\"wp-block-image\"><a href=\"https:\/\/twitter.com\/intent\/tweet?text=Buenos%20Aires%20y%20otros%20lugares%20de%20la%20Tierra%20vistos%20desde%20el%20espacio%20exterior%20en%20tiempos%20de%20cuarentena&amp;url=https:\/\/www.infobae.com\/fotos\/2020\/05\/12\/buenos-aires-y-otros-lugares-de-la-tierra-vistos-desde-el-espacio-exterior-en-tiempos-de-cuarentena\/%23KAZBNZ5X25BNNA7JID4BXOQI6Y\" target=\"_blank\" rel=\"noreferrer noopener\"><img decoding=\"async\" src=\"https:\/\/cloudfront-us-east-1.images.arcpublishing.com\/infobae\/KAZBNZ5X25BNNA7JID4BXOQI6Y.jpg\" alt=\"El norte italiano, una de las zonas m\u00e1s castigadas por el virus\"\/><\/a><\/figure>\n\n\n\n<p>\u201cTorino, Mil\u00e1n, Verona, Padua, Venecia, G\u00e9nova, Bologna, y Florencia: podemos ver que tu esp\u00edritu es fuerte y sigue brillando. \u00a1Buenas noches a todos en Italia!\u201d, public\u00f3 la NASA para rendirle un homenaje a uno de los pa\u00edses m\u00e1s afectados por el coronavirus.<\/p>\n\n\n\n<p>Oc\u00e9ano \u00cdndico y Australia<\/p>\n\n\n\n<figure class=\"wp-block-image\"><a href=\"https:\/\/twitter.com\/intent\/tweet?text=Buenos%20Aires%20y%20otros%20lugares%20de%20la%20Tierra%20vistos%20desde%20el%20espacio%20exterior%20en%20tiempos%20de%20cuarentena&amp;url=https:\/\/www.infobae.com\/fotos\/2020\/05\/12\/buenos-aires-y-otros-lugares-de-la-tierra-vistos-desde-el-espacio-exterior-en-tiempos-de-cuarentena\/%23TGKDXQR5MZC45K4OD7O3PNE2CM\" target=\"_blank\" rel=\"noreferrer noopener\"><img decoding=\"async\" src=\"https:\/\/cloudfront-us-east-1.images.arcpublishing.com\/infobae\/TGKDXQR5MZC45K4OD7O3PNE2CM.jpg\" alt=\"\"\/><\/a><\/figure>\n\n\n\n<p>El 10 y 13 de abril, la estaci\u00f3n espacial orbit\u00f3 sobre el Oc\u00e9ano \u00cdndico, al suroeste de Australia, cuando se tomaron estas fotos de la aurora boreal y el resplandor de la Tierra.<\/p>\n\n\n\n<p>Nueva York y Nueva Jersey<\/p>\n\n\n\n<figure class=\"wp-block-image\"><a href=\"https:\/\/twitter.com\/intent\/tweet?text=Buenos%20Aires%20y%20otros%20lugares%20de%20la%20Tierra%20vistos%20desde%20el%20espacio%20exterior%20en%20tiempos%20de%20cuarentena&amp;url=https:\/\/www.infobae.com\/fotos\/2020\/05\/12\/buenos-aires-y-otros-lugares-de-la-tierra-vistos-desde-el-espacio-exterior-en-tiempos-de-cuarentena\/%23NVZD5KXLXRHE5E5HQPBOM5KG3U\" target=\"_blank\" rel=\"noreferrer noopener\"><img decoding=\"async\" src=\"https:\/\/cloudfront-us-east-1.images.arcpublishing.com\/infobae\/NVZD5KXLXRHE5E5HQPBOM5KG3U.jpg\" alt=\"\"\/><\/a><\/figure>\n\n\n\n<p>El \u00e1rea metropolitana de Nueva York y Nueva Jersey se muestra desde la Estaci\u00f3n Espacial Internacional mientras orbitaba sobre el Oc\u00e9ano Atl\u00e1ntico, cerca de la costa noreste de los Estados Unidos.<\/p>\n","protected":false},"excerpt":{"rendered":"<p>En la imagen se observa perfectamente la silueta de la costa de la Provincia de Buenos Aires, la desembocadura del R\u00edo de la Plata y la costa de Uruguay. As\u00ed es la foto sacada por la&nbsp;Estaci\u00f3n Espacial Internacional (EEI), que la NASA dio a conocer en las \u00faltimas semanas y que es parte de una [&hellip;]<\/p>\n","protected":false},"author":1,"featured_media":238961,"comment_status":"open","ping_status":"open","sticky":false,"template":"","format":"standard","meta":{"_stopmodifiedupdate":false,"_modified_date":"","inline_featured_image":false,"spay_email":"","jetpack_publicize_message":""},"categories":[6,489],"tags":[],"jetpack_featured_media_url":"https:\/\/notinor.com\/jujuy\/wp-content\/uploads\/2020\/05\/tierra.jpg","jetpack_publicize_connections":[],"_links":{"self":[{"href":"https:\/\/notinor.com\/jujuy\/wp-json\/wp\/v2\/posts\/238960"}],"collection":[{"href":"https:\/\/notinor.com\/jujuy\/wp-json\/wp\/v2\/posts"}],"about":[{"href":"https:\/\/notinor.com\/jujuy\/wp-json\/wp\/v2\/types\/post"}],"author":[{"embeddable":true,"href":"https:\/\/notinor.com\/jujuy\/wp-json\/wp\/v2\/users\/1"}],"replies":[{"embeddable":true,"href":"https:\/\/notinor.com\/jujuy\/wp-json\/wp\/v2\/comments?post=238960"}],"version-history":[{"count":1,"href":"https:\/\/notinor.com\/jujuy\/wp-json\/wp\/v2\/posts\/238960\/revisions"}],"predecessor-version":[{"id":238962,"href":"https:\/\/notinor.com\/jujuy\/wp-json\/wp\/v2\/posts\/238960\/revisions\/238962"}],"wp:featuredmedia":[{"embeddable":true,"href":"https:\/\/notinor.com\/jujuy\/wp-json\/wp\/v2\/media\/238961"}],"wp:attachment":[{"href":"https:\/\/notinor.com\/jujuy\/wp-json\/wp\/v2\/media?parent=238960"}],"wp:term":[{"taxonomy":"category","embeddable":true,"href":"https:\/\/notinor.com\/jujuy\/wp-json\/wp\/v2\/categories?post=238960"},{"taxonomy":"post_tag","embeddable":true,"href":"https:\/\/notinor.com\/jujuy\/wp-json\/wp\/v2\/tags?post=238960"}],"curies":[{"name":"wp","href":"https:\/\/api.w.org\/{rel}","templated":true}]}}