{"id":238954,"date":"2020-05-12T20:37:15","date_gmt":"2020-05-12T23:37:15","guid":{"rendered":"https:\/\/notinor.com\/jujuy\/?p=238954"},"modified":"2020-05-12T20:41:34","modified_gmt":"2020-05-12T23:41:34","slug":"fraile-pintado-una-pequena-de-un-ano-y-tres-meses-cayo-a-un-pozo-ciego-y-murio","status":"publish","type":"post","link":"https:\/\/notinor.com\/jujuy\/fraile-pintado-una-pequena-de-un-ano-y-tres-meses-cayo-a-un-pozo-ciego-y-murio\/","title":{"rendered":"Fraile Pintado: una peque\u00f1a de un  a\u00f1o y tres meses cay\u00f3 a un pozo ciego y muri\u00f3"},"content":{"rendered":"\n<p><br> El lamentable episodio ocurri\u00f3 en presencia de sus hermano de 9 a\u00f1os, que lo cuidaba.<\/p>\n\n\n\n<figure class=\"wp-block-image size-large\"><img decoding=\"async\" loading=\"lazy\" width=\"621\" height=\"354\" src=\"https:\/\/notinor.com\/jujuy\/wp-content\/uploads\/2020\/05\/pozo1.jpg\" alt=\"\" class=\"wp-image-238955\"\/><figcaption>imagen ilustrativa<\/figcaption><\/figure>\n\n\n\n<p class=\"has-background has-vivid-cyan-blue-background-color\"><br> Una ni\u00f1a de un a\u00f1os y tres meses muri\u00f3 este martes por la tarde en una finca  colindante a la ruta 20, metros antes de llegar a la Planta de Agua Potable de Fraile Pintado.<\/p>\n\n\n\n<p>Los padres de la peque\u00f1a no la encontraban en ning\u00fan lado pero recibieron la tr\u00e1gica novedad que se hab\u00eda ca\u00eddo a un pozo de ciego de al menos 2 metros de profundidad. <\/p>\n\n\n\n<p>Pese a que el Same logr\u00f3 sacar el cuerpo no pudo salvar su vida.<\/p>\n\n\n\n<p> Contin\u00faan las investigaciones para conocer acabadamente las circunstancias del hecho, y en las \u00faltimas horas se tomaron declaraciones testimoniales. <\/p>\n\n\n\n<p><\/p>\n\n\n\n<p><\/p>\n","protected":false},"excerpt":{"rendered":"<p>El lamentable episodio ocurri\u00f3 en presencia de sus hermano de 9 a\u00f1os, que lo cuidaba. Una ni\u00f1a de un a\u00f1os y tres meses muri\u00f3 este martes por la tarde en una finca colindante a la ruta 20, metros antes de llegar a la Planta de Agua Potable de Fraile Pintado. Los padres de la peque\u00f1a [&hellip;]<\/p>\n","protected":false},"author":1,"featured_media":238955,"comment_status":"open","ping_status":"open","sticky":false,"template":"","format":"standard","meta":{"_stopmodifiedupdate":false,"_modified_date":"","inline_featured_image":false,"spay_email":"","jetpack_publicize_message":"El lamentable episodio ocurri\u00f3 en presencia de sus hermano de 9 a\u00f1os, que lo cuidaba."},"categories":[2,3],"tags":[],"jetpack_featured_media_url":"https:\/\/notinor.com\/jujuy\/wp-content\/uploads\/2020\/05\/pozo1.jpg","jetpack_publicize_connections":[],"_links":{"self":[{"href":"https:\/\/notinor.com\/jujuy\/wp-json\/wp\/v2\/posts\/238954"}],"collection":[{"href":"https:\/\/notinor.com\/jujuy\/wp-json\/wp\/v2\/posts"}],"about":[{"href":"https:\/\/notinor.com\/jujuy\/wp-json\/wp\/v2\/types\/post"}],"author":[{"embeddable":true,"href":"https:\/\/notinor.com\/jujuy\/wp-json\/wp\/v2\/users\/1"}],"replies":[{"embeddable":true,"href":"https:\/\/notinor.com\/jujuy\/wp-json\/wp\/v2\/comments?post=238954"}],"version-history":[{"count":1,"href":"https:\/\/notinor.com\/jujuy\/wp-json\/wp\/v2\/posts\/238954\/revisions"}],"predecessor-version":[{"id":238957,"href":"https:\/\/notinor.com\/jujuy\/wp-json\/wp\/v2\/posts\/238954\/revisions\/238957"}],"wp:featuredmedia":[{"embeddable":true,"href":"https:\/\/notinor.com\/jujuy\/wp-json\/wp\/v2\/media\/238955"}],"wp:attachment":[{"href":"https:\/\/notinor.com\/jujuy\/wp-json\/wp\/v2\/media?parent=238954"}],"wp:term":[{"taxonomy":"category","embeddable":true,"href":"https:\/\/notinor.com\/jujuy\/wp-json\/wp\/v2\/categories?post=238954"},{"taxonomy":"post_tag","embeddable":true,"href":"https:\/\/notinor.com\/jujuy\/wp-json\/wp\/v2\/tags?post=238954"}],"curies":[{"name":"wp","href":"https:\/\/api.w.org\/{rel}","templated":true}]}}