{"id":238947,"date":"2020-05-12T19:27:18","date_gmt":"2020-05-12T22:27:18","guid":{"rendered":"https:\/\/notinor.com\/jujuy\/?p=238947"},"modified":"2020-05-12T19:27:19","modified_gmt":"2020-05-12T22:27:19","slug":"posiciones-contrapuestas-entre-afa-y-el-gobierno-por-la-vuelta-del-futbol","status":"publish","type":"post","link":"https:\/\/notinor.com\/jujuy\/posiciones-contrapuestas-entre-afa-y-el-gobierno-por-la-vuelta-del-futbol\/","title":{"rendered":"Posiciones contrapuestas entre AFA y el Gobierno por la vuelta del f\u00fatbol"},"content":{"rendered":"\n<p>Mientras la casa madre del f\u00fatbol nacional no imagina un regreso a los entrenamientos hasta, al menos, agosto, los ministerios de Salud y Deporte ya comenzaron a trabajar en un protocolo que permitir\u00e1 un retorno anticipado si es que el AMBA pasa a la fase cuatro del aislamiento preventivo.<\/p>\n\n\n\n<figure class=\"wp-block-image size-large\"><img decoding=\"async\" loading=\"lazy\" width=\"862\" height=\"485\" src=\"https:\/\/i2.wp.com\/notinor.com\/jujuy\/wp-content\/uploads\/2020\/05\/afa_862x485.jpg?fit=840%2C473&amp;ssl=1\" alt=\"\" class=\"wp-image-238948\" srcset=\"https:\/\/notinor.com\/jujuy\/wp-content\/uploads\/2020\/05\/afa_862x485.jpg 862w, https:\/\/notinor.com\/jujuy\/wp-content\/uploads\/2020\/05\/afa_862x485-649x365.jpg 649w, https:\/\/notinor.com\/jujuy\/wp-content\/uploads\/2020\/05\/afa_862x485-840x473.jpg 840w, https:\/\/notinor.com\/jujuy\/wp-content\/uploads\/2020\/05\/afa_862x485-500x280.jpg 500w, https:\/\/notinor.com\/jujuy\/wp-content\/uploads\/2020\/05\/afa_862x485-768x432.jpg 768w\" sizes=\"(max-width: 862px) 100vw, 862px\" \/><\/figure>\n\n\n\n<p class=\"has-background has-vivid-cyan-blue-background-color\">Mientras algunos pa\u00edses ya comenzaron los entrenamientos y se encaminan hacia la vuelta del f\u00fatbol en medio de la pandemia de coronavirus, la pregunta que se hacen todos los argentinos es:\u00a0<strong>\u00bfcu\u00e1ndo vuelve a rodar la pelota en Argentina?<\/strong>\u00a0La respuesta no ser\u00eda sencilla, ya que parece que hay\u00a0<strong>opiniones encontradas entre AFA\u00a0y el Gobierno Nacional<\/strong>.<\/p>\n\n\n\n<p>Es que, por el lado de la dirigencia en AFA se imaginan un regreso a los entrenamientos -con todos los cuidados del caso-&nbsp;<strong>reci\u00e9n para agosto o septiembre como m\u00ednimo.<\/strong>&nbsp;Seg\u00fan entienden en Viamonte,&nbsp;<strong>ser\u00eda imposible pensar en que los equipos argentinos vuelvan a las pr\u00e1cticas en los pr\u00f3ximos meses<\/strong>, dado que todav\u00eda se desconoce cuando comenzar\u00e1 a aliviarse la situaci\u00f3n sanitaria en el pa\u00eds.<\/p>\n\n\n\n<p>Sin embargo, la visi\u00f3n del Gobierno es contrapuesta, siendo que&nbsp;<strong>el Ministerio de Turismo y Deporte y el de Salud&nbsp;ya estar\u00edan dando los primeros pasos hacia un protocolo que permita que los clubes retomen la actividad tan pronto como el mes que viene<\/strong>. El mismo tendr\u00eda tres ejes claros:&nbsp;<strong>grupos peque\u00f1os, sin uso de vestuarios ni espacios cerrados y con cuidados similares a los de otros pa\u00edses<\/strong>.<\/p>\n\n\n\n<p>Por lo pronto, ambos ministerios ya estar\u00edan\u00a0<strong>conformando un grupo de trabajo en conjunto<\/strong>\u00a0que ser\u00eda el responsable de plasmar el protocolo necesario, aunque esto reci\u00e9n comienza y depende de un dato clave:\u00a0<strong>que el \u00c1rea Metropolitana de\u00a0Buenos Aires\u00a0(AMBA) pase a la famosa fase cuatro del aislamiento preventivo<\/strong>.<\/p>\n\n\n\n<p>Es sabido que en la \u00faltima extensi\u00f3n de la cuarentena, el Presidente de la Naci\u00f3n,\u00a0Alberto Fern\u00e1ndez, confirm\u00f3 que tanto Capital Federal como el Gran Buenos Aires\u00a0<strong>no avanzaban a la fase cuatro<\/strong>, esa que permite la circulaci\u00f3n de hasta el 75% de la poblaci\u00f3n, seg\u00fan explic\u00f3.<\/p>\n\n\n\n<p>As\u00ed, habr\u00e1 que esperar y ver qui\u00e9n pesa m\u00e1s y logra imponer su visi\u00f3n para saber, finalmente, cu\u00e1ndo volver\u00e1 a rodar la pelota en Argentina.<\/p>\n","protected":false},"excerpt":{"rendered":"<p>Mientras la casa madre del f\u00fatbol nacional no imagina un regreso a los entrenamientos hasta, al menos, agosto, los ministerios de Salud y Deporte ya comenzaron a trabajar en un protocolo que permitir\u00e1 un retorno anticipado si es que el AMBA pasa a la fase cuatro del aislamiento preventivo. Mientras algunos pa\u00edses ya comenzaron los [&hellip;]<\/p>\n","protected":false},"author":37,"featured_media":238948,"comment_status":"open","ping_status":"open","sticky":false,"template":"","format":"standard","meta":{"_stopmodifiedupdate":false,"_modified_date":"","inline_featured_image":false,"spay_email":"","jetpack_publicize_message":"\u00bfCu\u00e1ndo volver\u00e1 realmente el f\u00fatbol a la Argentina? Los detalles: "},"categories":[7],"tags":[],"jetpack_featured_media_url":"https:\/\/notinor.com\/jujuy\/wp-content\/uploads\/2020\/05\/afa_862x485.jpg","jetpack_publicize_connections":[],"_links":{"self":[{"href":"https:\/\/notinor.com\/jujuy\/wp-json\/wp\/v2\/posts\/238947"}],"collection":[{"href":"https:\/\/notinor.com\/jujuy\/wp-json\/wp\/v2\/posts"}],"about":[{"href":"https:\/\/notinor.com\/jujuy\/wp-json\/wp\/v2\/types\/post"}],"author":[{"embeddable":true,"href":"https:\/\/notinor.com\/jujuy\/wp-json\/wp\/v2\/users\/37"}],"replies":[{"embeddable":true,"href":"https:\/\/notinor.com\/jujuy\/wp-json\/wp\/v2\/comments?post=238947"}],"version-history":[{"count":1,"href":"https:\/\/notinor.com\/jujuy\/wp-json\/wp\/v2\/posts\/238947\/revisions"}],"predecessor-version":[{"id":238949,"href":"https:\/\/notinor.com\/jujuy\/wp-json\/wp\/v2\/posts\/238947\/revisions\/238949"}],"wp:featuredmedia":[{"embeddable":true,"href":"https:\/\/notinor.com\/jujuy\/wp-json\/wp\/v2\/media\/238948"}],"wp:attachment":[{"href":"https:\/\/notinor.com\/jujuy\/wp-json\/wp\/v2\/media?parent=238947"}],"wp:term":[{"taxonomy":"category","embeddable":true,"href":"https:\/\/notinor.com\/jujuy\/wp-json\/wp\/v2\/categories?post=238947"},{"taxonomy":"post_tag","embeddable":true,"href":"https:\/\/notinor.com\/jujuy\/wp-json\/wp\/v2\/tags?post=238947"}],"curies":[{"name":"wp","href":"https:\/\/api.w.org\/{rel}","templated":true}]}}