{"id":238934,"date":"2020-05-12T18:32:29","date_gmt":"2020-05-12T21:32:29","guid":{"rendered":"https:\/\/notinor.com\/jujuy\/?p=238934"},"modified":"2020-05-12T18:32:34","modified_gmt":"2020-05-12T21:32:34","slug":"hizo-un-asado-se-distrajo-y-prendio-fuego-un-galpon","status":"publish","type":"post","link":"https:\/\/notinor.com\/jujuy\/hizo-un-asado-se-distrajo-y-prendio-fuego-un-galpon\/","title":{"rendered":"Hizo un asado, se distrajo y prendi\u00f3 fuego un galp\u00f3n"},"content":{"rendered":"\n<p>El hombre de 79 a\u00f1os llam\u00f3 a la polic\u00eda tras originar un incendio en la parte trasera de su casa con el fuego del asado.<\/p>\n\n\n\n<figure class=\"wp-block-image size-large\"><img decoding=\"async\" loading=\"lazy\" width=\"749\" height=\"480\" src=\"https:\/\/notinor.com\/jujuy\/wp-content\/uploads\/2020\/05\/galpon-749x480.png\" alt=\"\" class=\"wp-image-238936\" srcset=\"https:\/\/notinor.com\/jujuy\/wp-content\/uploads\/2020\/05\/galpon-749x480.png 749w, https:\/\/notinor.com\/jujuy\/wp-content\/uploads\/2020\/05\/galpon-570x365.png 570w, https:\/\/notinor.com\/jujuy\/wp-content\/uploads\/2020\/05\/galpon-768x492.png 768w, https:\/\/notinor.com\/jujuy\/wp-content\/uploads\/2020\/05\/galpon.png 790w\" sizes=\"(max-width: 749px) 100vw, 749px\" \/><\/figure>\n\n\n\n<p class=\"has-background has-vivid-cyan-blue-background-color\">Si bien muchos opinan que la cuarentena social, preventiva y obligatoria nubl\u00f3 el sentido del tiempo y ya no se sabe en qu\u00e9 d\u00eda de la semana estamos, los domingos no dejaron de ser domingos. Mientras algunos lo definen como el d\u00eda de descanso, para otros es la excusa perfecta para hacer un rico asado. <\/p>\n\n\n\n<p>El pasado 10 de mayo un hombre de 79 a\u00f1os prendi\u00f3 el fuego su galp\u00f3n tras gozar de un rico asado. Sin embargo, jam\u00e1s pens\u00f3 que la delicia le costar\u00eda un incendio en la parte trasera de su hogar.<\/p>\n\n\n\n<p>El hecho ocurri\u00f3 en Puerto Madryn, en la calle Juan B. All\u00ed se encontraba el hombre cuando llam\u00f3 a la polic\u00eda para alertar que su domicilio estaba en llamas. Las fuentes policiales informaron que el protagonista del suceso hab\u00eda comido un asado al mediod\u00eda. Luego, se distrajo y las chispas del fuego en la parrilla habr\u00edan originado el incendio dentro de un peque\u00f1o galp\u00f3n.<\/p>\n\n\n\n<p>El fuego se propag\u00f3 tras alcanzar unos peque\u00f1os muebles de madera de pino y papeles. A pesar de haber perdido su gal\u00f3n, el hombre no sufri\u00f3 lesiones graves. Seg\u00fan indic\u00f3 el Diario Jornada, a su rescato llegaron los agentes del cuartel de Bomberos y el personal de la Comisar\u00eda Primera. En equipo, montaron un operativo para controlar el fuego y evitar que termine en una tragedia.<\/p>\n\n\n\n<p>No fue la primera vez<br>\nA fines del 2019, un evento similar sacudi\u00f3 a un joven cerca de Avenida Sarmiento. Tras haber hecho un asado al mediod\u00eda, las brasas llegaron al garage donde se produjo un incontrolable incendio. Una moto, parte del techo y varios muebles fueron destrozados a ra\u00edz de las llamas.<\/p>\n","protected":false},"excerpt":{"rendered":"<p>El hombre de 79 a\u00f1os llam\u00f3 a la polic\u00eda tras originar un incendio en la parte trasera de su casa con el fuego del asado. Si bien muchos opinan que la cuarentena social, preventiva y obligatoria nubl\u00f3 el sentido del tiempo y ya no se sabe en qu\u00e9 d\u00eda de la semana estamos, los domingos [&hellip;]<\/p>\n","protected":false},"author":1,"featured_media":238936,"comment_status":"closed","ping_status":"closed","sticky":false,"template":"","format":"standard","meta":{"_stopmodifiedupdate":false,"_modified_date":"","inline_featured_image":false,"spay_email":"","jetpack_publicize_message":"El hombre de 79 a\u00f1os llam\u00f3 a la polic\u00eda tras originar un incendio en la parte trasera de su casa con el fuego del asado."},"categories":[3],"tags":[],"jetpack_featured_media_url":"https:\/\/notinor.com\/jujuy\/wp-content\/uploads\/2020\/05\/galpon.png","jetpack_publicize_connections":[],"_links":{"self":[{"href":"https:\/\/notinor.com\/jujuy\/wp-json\/wp\/v2\/posts\/238934"}],"collection":[{"href":"https:\/\/notinor.com\/jujuy\/wp-json\/wp\/v2\/posts"}],"about":[{"href":"https:\/\/notinor.com\/jujuy\/wp-json\/wp\/v2\/types\/post"}],"author":[{"embeddable":true,"href":"https:\/\/notinor.com\/jujuy\/wp-json\/wp\/v2\/users\/1"}],"replies":[{"embeddable":true,"href":"https:\/\/notinor.com\/jujuy\/wp-json\/wp\/v2\/comments?post=238934"}],"version-history":[{"count":2,"href":"https:\/\/notinor.com\/jujuy\/wp-json\/wp\/v2\/posts\/238934\/revisions"}],"predecessor-version":[{"id":238937,"href":"https:\/\/notinor.com\/jujuy\/wp-json\/wp\/v2\/posts\/238934\/revisions\/238937"}],"wp:featuredmedia":[{"embeddable":true,"href":"https:\/\/notinor.com\/jujuy\/wp-json\/wp\/v2\/media\/238936"}],"wp:attachment":[{"href":"https:\/\/notinor.com\/jujuy\/wp-json\/wp\/v2\/media?parent=238934"}],"wp:term":[{"taxonomy":"category","embeddable":true,"href":"https:\/\/notinor.com\/jujuy\/wp-json\/wp\/v2\/categories?post=238934"},{"taxonomy":"post_tag","embeddable":true,"href":"https:\/\/notinor.com\/jujuy\/wp-json\/wp\/v2\/tags?post=238934"}],"curies":[{"name":"wp","href":"https:\/\/api.w.org\/{rel}","templated":true}]}}