{"id":238930,"date":"2020-05-12T18:25:19","date_gmt":"2020-05-12T21:25:19","guid":{"rendered":"https:\/\/notinor.com\/jujuy\/?p=238930"},"modified":"2020-05-12T19:21:47","modified_gmt":"2020-05-12T22:21:47","slug":"detuvieron-en-brasil-a-gonzalo-chispa-sanchez-uno-de-los-imputados-por-el-secuestro-de-rodolfo-walsh","status":"publish","type":"post","link":"https:\/\/notinor.com\/jujuy\/detuvieron-en-brasil-a-gonzalo-chispa-sanchez-uno-de-los-imputados-por-el-secuestro-de-rodolfo-walsh\/","title":{"rendered":"Detuvieron en Brasil a Gonzalo \"Chispa\" S\u00e1nchez\", uno de los imputados por el secuestro de Rodolfo Walsh"},"content":{"rendered":"\n<p> Ser\u00e1 el primer caso de extradici\u00f3n de un represor argentino bajo el gobierno del excapit\u00e1n Jair Bolsonaro, apologista de las dictaduras sudamericanas. <\/p>\n\n\n\n<figure class=\"wp-block-image size-large\"><img decoding=\"async\" loading=\"lazy\" width=\"960\" height=\"640\" src=\"https:\/\/i2.wp.com\/notinor.com\/jujuy\/wp-content\/uploads\/2020\/05\/walsh.jpeg?fit=720%2C480&amp;ssl=1\" alt=\"\" class=\"wp-image-238931\" srcset=\"https:\/\/notinor.com\/jujuy\/wp-content\/uploads\/2020\/05\/walsh.jpeg 960w, https:\/\/notinor.com\/jujuy\/wp-content\/uploads\/2020\/05\/walsh-548x365.jpeg 548w, https:\/\/notinor.com\/jujuy\/wp-content\/uploads\/2020\/05\/walsh-720x480.jpeg 720w, https:\/\/notinor.com\/jujuy\/wp-content\/uploads\/2020\/05\/walsh-768x512.jpeg 768w, https:\/\/notinor.com\/jujuy\/wp-content\/uploads\/2020\/05\/walsh-400x266.jpeg 400w\" sizes=\"(max-width: 960px) 100vw, 960px\" \/><figcaption> S\u00e1nchez de 69 a\u00f1os, fue arrestado en la tarde del lunes en Paraty, en el litoral sur de Rio de Janeiro.&nbsp; <\/figcaption><\/figure>\n\n\n\n<p>La Polic\u00eda Federal brasile\u00f1a detuvo en el interior Rio de Janeiro al represor argentino, Gonzalo \"Chispa\" S\u00e1nchez, uno de los pr\u00f3fugos de la Causa ESMA, imputado por su participaci\u00f3n en el grupo de tareas que asesin\u00f3 y desapareci\u00f3 a Rodolfo Walsh en 1977, adem\u00e1s de haber formado parte en los vuelos de la muerte.<\/p>\n\n\n\n<p>S\u00e1nchez, de 69 a\u00f1os, fue arrestado en Paraty, en el litoral sur de Ri\u00f3 de Janeiro, el lunes a la tarde. La polic\u00eda no revel\u00f3 su identidad, pero este martes fue confirmada a P\u00e1ginaI12 por una fuente diplom\u00e1tica argentina.<\/p>\n\n\n\n<p>El detenido fue oficial de la Prefectura y durante la dictadura integr\u00f3 el Grupo de Tareas 3.3 de la ESMA.<\/p>\n\n\n\n<p>Este ser\u00e1 el primer caso de extradici\u00f3n de un represor argentino bajo el gobierno del excapit\u00e1n Jair Bolsonaro, apologeta de las dictaduras sudamericanas --especialmente la del chileno Augusto Pinochet --que se encuentra en virtual guerra pol\u00edtica contra el Supremo Tribunal Federal.<\/p>\n\n\n\n<p>En 2013, durante el gobierno de la presidenta y ex presa pol\u00edtica Dilma Rousseff, S\u00e1nchez fue preso por por primera vez en Angra dos Reis, tambi\u00e9n en el litoral de Rio de Janeiro, donde se desempe\u00f1aba como ingeniero naval.<\/p>\n\n\n\n<p>Angra dos Reis es uno de los reductos pol\u00edticos de Bolsonaro, quien desde su llegada a la presidencia comenz\u00f3 a impulsar un proyecto para alentar inversiones extranjeras y convertir el lugar en la \"Canc\u00fan brasile\u00f1a\".<\/p>\n\n\n\n<p>La orden de captura fue firmada por el juez Luiz Fux, del Supremo Tribunal Federal.<\/p>\n\n\n\n<p>Antes de huir de Argentina, el ahora preso S\u00e1nchez trabaj\u00f3 a principios de la d\u00e9cada del 2000 como armador en empresas pesqueras de San Antonio Oeste, en R\u00edo Negro, donde se jactaba de su paso por la ESMA y fue declarado persona no grata por el Concejo Deliberante local.<\/p>\n\n\n\n<p>En diciembre de 2017, el Supremo Tribunal Federal hizo lugar por 3 votos a 2 al pedido de extradici\u00f3n presentado por el gobierno argentino con base en un requerimiento emitido por el juez federal Sergio Torres en 2009.<\/p>\n\n\n\n<p>En su alegato, las autoridades argentinas citaron que al reo se le imputan delitos como secuestros, asesinatos, desapariciones y torturas contemplados en la Convenci\u00f3n sobre Imprescriptibilidad de los Cr\u00edmenes de Guerra y Cr\u00edmenes de Lesa Humanidad de la ONU.<\/p>\n\n\n\n<p>Pero Brasil (cuya justicia es refractaria a estos tema y donde a\u00fan est\u00e1 en vigor la amnist\u00eda heredada de la dictadura) , no es signatario de la Convenci\u00f3n y los asesinatos atribuidos a S\u00e1nchez prescribieron.<\/p>\n\n\n\n<p>Finalmente, el Supremo Tribunal hizo ahora lugar a la deportaci\u00f3n apoy\u00e1ndose en el delito de secuestro, que para la justicia brasile\u00f1a se sigue cometiendo.<\/p>\n\n\n\n<p>Los votos a favor fueron de los jueces Roberto Barroso, Rosa Weber y Luiz Fux, el mismo que solicit\u00f3 la captura del hasta ayer pr\u00f3fugo.<\/p>\n\n\n\n<p><\/p>\n","protected":false},"excerpt":{"rendered":"<p>Ser\u00e1 el primer caso de extradici\u00f3n de un represor argentino bajo el gobierno del excapit\u00e1n Jair Bolsonaro, apologista de las dictaduras sudamericanas. La Polic\u00eda Federal brasile\u00f1a detuvo en el interior Rio de Janeiro al represor argentino, Gonzalo \"Chispa\" S\u00e1nchez, uno de los pr\u00f3fugos de la Causa ESMA, imputado por su participaci\u00f3n en el grupo de [&hellip;]<\/p>\n","protected":false},"author":1,"featured_media":238931,"comment_status":"closed","ping_status":"closed","sticky":false,"template":"","format":"standard","meta":{"_stopmodifiedupdate":false,"_modified_date":"","inline_featured_image":false,"spay_email":"","jetpack_publicize_message":"Ser\u00e1 el primer caso de extradici\u00f3n de un represor argentino bajo el gobierno del excapit\u00e1n Jair Bolsonaro, apologista de las dictaduras sudamericanas. "},"categories":[6],"tags":[],"jetpack_featured_media_url":"https:\/\/notinor.com\/jujuy\/wp-content\/uploads\/2020\/05\/walsh.jpeg","jetpack_publicize_connections":[],"_links":{"self":[{"href":"https:\/\/notinor.com\/jujuy\/wp-json\/wp\/v2\/posts\/238930"}],"collection":[{"href":"https:\/\/notinor.com\/jujuy\/wp-json\/wp\/v2\/posts"}],"about":[{"href":"https:\/\/notinor.com\/jujuy\/wp-json\/wp\/v2\/types\/post"}],"author":[{"embeddable":true,"href":"https:\/\/notinor.com\/jujuy\/wp-json\/wp\/v2\/users\/1"}],"replies":[{"embeddable":true,"href":"https:\/\/notinor.com\/jujuy\/wp-json\/wp\/v2\/comments?post=238930"}],"version-history":[{"count":3,"href":"https:\/\/notinor.com\/jujuy\/wp-json\/wp\/v2\/posts\/238930\/revisions"}],"predecessor-version":[{"id":238946,"href":"https:\/\/notinor.com\/jujuy\/wp-json\/wp\/v2\/posts\/238930\/revisions\/238946"}],"wp:featuredmedia":[{"embeddable":true,"href":"https:\/\/notinor.com\/jujuy\/wp-json\/wp\/v2\/media\/238931"}],"wp:attachment":[{"href":"https:\/\/notinor.com\/jujuy\/wp-json\/wp\/v2\/media?parent=238930"}],"wp:term":[{"taxonomy":"category","embeddable":true,"href":"https:\/\/notinor.com\/jujuy\/wp-json\/wp\/v2\/categories?post=238930"},{"taxonomy":"post_tag","embeddable":true,"href":"https:\/\/notinor.com\/jujuy\/wp-json\/wp\/v2\/tags?post=238930"}],"curies":[{"name":"wp","href":"https:\/\/api.w.org\/{rel}","templated":true}]}}