{"id":238836,"date":"2020-05-12T12:48:16","date_gmt":"2020-05-12T15:48:16","guid":{"rendered":"https:\/\/notinor.com\/jujuy\/?p=238836"},"modified":"2020-05-12T12:51:49","modified_gmt":"2020-05-12T15:51:49","slug":"caida-de-pelo-en-cuarentena-por-que-ocurre-y-como-combatirlo","status":"publish","type":"post","link":"https:\/\/notinor.com\/jujuy\/caida-de-pelo-en-cuarentena-por-que-ocurre-y-como-combatirlo\/","title":{"rendered":"Ca\u00edda de pelo en cuarentena: por qu\u00e9 ocurre y c\u00f3mo combatirlo"},"content":{"rendered":"\n<p> Por la pandemia del coronavirus, la ansiedad y el estr\u00e9s pueden llegar a causar p\u00e9rdida de cabello. <\/p>\n\n\n\n<div class=\"wp-block-image\"><figure class=\"aligncenter\"><img decoding=\"async\" src=\"https:\/\/e.an.amtv.pe\/util-e-interesante-caida-cabello-remedios-caseros-n391183-696x418-621442.jpg\" alt=\"C\u00f3mo frenar y evitar la ca\u00edda del cabello? - America Noticias\"\/><\/figure><\/div>\n\n\n\n<p>La pandemia del coronavirus sigue afectando al mundo entero.&nbsp;<strong>En la Argentina, el Gobierno,&nbsp;<\/strong>junto a un grupo de expertos,&nbsp;<strong>tom\u00f3 la decisi\u00f3n de poner al pa\u00eds hace<\/strong>&nbsp;<strong>m\u00e1s de 50 d\u00edas en cuarentena&nbsp;<\/strong>para aplanar la curva de contagios y que los casos no lleguen a las cifras elevadas que se observan en otros pa\u00edses, y&nbsp;<strong>desde el 20 de marzo se est\u00e1 llevando a cabo.<\/strong><\/p>\n\n\n\n<p>Cumpliendo con el confinamiento, y con&nbsp;<strong>la restricci\u00f3n de salidas, solamente para compras de necesidades b\u00e1sicas<\/strong>, y trabajos exceptuados,<strong>&nbsp;el COVID-19 abri\u00f3 el debate sobre la ca\u00edda del cabello<\/strong>&nbsp;como una de las posibles consecuencias&nbsp;<strong>del estr\u00e9s que genera la pandemia.<\/strong>&nbsp;Pero tambi\u00e9n tiene que ver con la \u00e9poca del a\u00f1o por la que estamos transitando.<\/p>\n\n\n\n<p>\u201cLa ca\u00edda de pelo&nbsp;<strong>en oto\u00f1o se hace m\u00e1s evidente que en el resto del a\u00f1o, porque existe un recambio de pelo que es mayor en las \u00e9pocas de cambio de estaci\u00f3n<\/strong>. Ac\u00e1 el pelo que estaba en fase de reposo, se cae porque entra en la fase de involuci\u00f3n. Esto se debe a ciertas variaciones hormonales en estas \u00e9pocas, por los cambios de temperatura y luz solar, como la melatonina, hormona implicada en la fase de creciente activo del pelo, llamada fase anadean\u201d, explic\u00f3 a&nbsp;<strong>Infobae<\/strong>&nbsp;la dermat\u00f3loga&nbsp;<strong>Lilian Demarchi.<\/strong><\/p>\n\n\n\n<p>El dermat\u00f3logo<strong>&nbsp;Lucas Ponti&nbsp;<\/strong>tambi\u00e9n dijo que es&nbsp;<strong>muy com\u00fan que en esta \u00e9poca se caiga el cabello<\/strong>, y que otra de las consecuencias que puede ser de la ca\u00edda del pelo<strong>&nbsp;es porque \u201cestamos muy pendientes de \u00e9l y tambi\u00e9n por estr\u00e9s\u201d<\/strong>.<\/p>\n\n\n\n<p><strong>\u201cEs un mito que el lavado de pelo frecuente sea un factor de la ca\u00edda del cabello.&nbsp;<\/strong>El lavado debe realizarse de acuerdo al cuero cabelludo que la persona tenga. Si es muy graso, hay que lavarlo las veces que sea necesario. El shampoo especializado act\u00faa mejorando la calidad capilar y la limpieza del cuero cabelludo. El shampoo, por cuestiones que tienen que ver con que est\u00e1 poco tiempo en contacto con el cuero cabelludo, nunca llega al fol\u00edculo piloso.&nbsp;<strong>Hay shampoos anti-ca\u00edda que se usan para engrosar la fibra capilar pero no para detener la ca\u00edda<\/strong>, para esto se pueden utilizar ampollas\", sugiri\u00f3 Ponti.<\/p>\n\n\n\n<div class=\"wp-block-image\"><figure class=\"aligncenter is-resized\"><img decoding=\"async\" loading=\"lazy\" src=\"https:\/\/www.infobae.com\/new-resizer\/43CkD5J1JfbFRqwyZJ_5DA9UIQo=\/420x280\/filters:format(jpg):quality(70)\/\/cloudfront-us-east-1.images.arcpublishing.com\/infobae\/BJTVNB3GT5BD3AZSK4U6IULHKE.jpg\" alt=\"Cu\u00e1ndo el pelo est\u00e1 mojado es cuando est\u00e1 m\u00e1s d\u00e9bil, explic\u00f3 la experta Fiorella Marta  (Shutterstock)\" width=\"502\" height=\"335\"\/><\/figure><\/div>\n\n\n\n<p>Cu\u00e1ndo el pelo est\u00e1 mojado es cuando est\u00e1 m\u00e1s d\u00e9bil, explic\u00f3 la experta Fiorella Marta (Shutterstock)<\/p>\n\n\n\n<p>Contrariamente, la dermat\u00f3loga&nbsp;<strong>Fiorella Marta<\/strong>&nbsp;(MN 153762) dijo que \"estando en cuarentena&nbsp;<strong>hay que aprovechar a lavar menos el cabello<\/strong>, porque este se cae bastante con los lavados excesivos. Adem\u00e1s,<strong>&nbsp;el cepillado con el pelo mojado, que es cuando m\u00e1s d\u00e9bil est\u00e1,<\/strong>&nbsp;es cu\u00e1ndo traccionamos y sacamos m\u00e1s cantidad de la que estaba destinada a caer\u201d.<\/p>\n\n\n\n<p>Agrega que \u201cpara saber la causa de la ca\u00edda del cabello hay que primero realizar un interrogatorio al paciente y un an\u00e1lisis de laboratorio, ya que el tratamiento no es el mismo para todos. Sin saber la causa, el tratamiento no ser\u00e1 eficaz\u201d.<\/p>\n\n\n\n<p>Para<strong>&nbsp;Fernando Coppolillo<\/strong>, (MN 88277) especialista en medicina familiar, la ca\u00edda del cabello puede ser m\u00e1s notoria ahora por el momento que el mundo est\u00e1 atravesando y no solo por el coronavirus, sino tambi\u00e9n por el brote de dengue que hay en el pa\u00eds.<\/p>\n\n\n\n<p>\u201cPodemos hablar de una&nbsp;<strong>epidemia de estr\u00e9s&nbsp;<\/strong>que se va haciendo cr\u00f3nica; las m\u00faltiples amenazas presentes y futuras, reales e imaginarias.<strong>&nbsp;Este estr\u00e9s tiene m\u00faltiples expresiones org\u00e1nicas. Lo que sucede en la mente sucede en el cuerpo<\/strong>. Es por eso que podemos ver reagudizaciones de alergias, cuadros intestinales e incluso algunos tipos de ca\u00eddas de cabello asociadas al estr\u00e9s. Hoy m\u00e1s que nunca debemos recurrir al manejo adecuado de las emociones con t\u00e9cnicas que como la autorreflexi\u00f3n, el mindfulness, el yoga, actividad f\u00edsica y una larga lista de t\u00e9cnicas de gesti\u00f3n del estr\u00e9s\u201d, asegur\u00f3.<\/p>\n\n\n\n<p>El psicoanalista&nbsp;<strong>Ricardo Antonowicz<\/strong>&nbsp;(MN 11556) expres\u00f3 que el mundo est\u00e1 tensionado y cambiante por el COVID-19 y las personas presentan varios cuadros por nervios, temores y ansiedad: \u201cDebemos considerar que los afectos y las reacciones corporales est\u00e1n inseparablemente vinculados y uno de los factores que producen es la ca\u00edda del pelo, como lo es el estr\u00e9s y la ansiedad que producen cambios en nuestro organismo\u201d.<\/p>\n\n\n\n<p><strong>Recomendaciones para estimular su crecimiento<\/strong>+<\/p>\n\n\n\n<p><strong>Christian Di Petta<\/strong>, estilista de Casa Vardo, explic\u00f3&nbsp; los principios b\u00e1sicos para entender c\u00f3mo funciona el crecimiento capilar. \u201cTenemos la misma cantidad de fol\u00edculos pilosos al nacer que cuando somos adultos. El pelo crece 1 cm por mes aproximadamente y m\u00e1s en verano que en otra \u00e9poca\u201d.<\/p>\n\n\n\n<figure class=\"wp-block-image\"><img decoding=\"async\" src=\"https:\/\/cloudfront-us-east-1.images.arcpublishing.com\/infobae\/H54EHC4ENBCQPPC36W6FRPPIZQ.jpeg\" alt=\"Christian Di Petta es estilista de @CasaVardo y explic\u00f3 que en verano el pelo crece m\u00e1s que en otras \u00e9pocas del a\u00f1o \"\/><\/figure>\n\n\n\n<p>Christian Di Petta es estilista de @CasaVardo y explic\u00f3 que en verano el pelo crece m\u00e1s que en otras \u00e9pocas del a\u00f1o<\/p>\n\n\n\n<p>Biol\u00f3gicamente el pelo tiene tres ciclos que involucran el crecimiento y la ca\u00edda:<\/p>\n\n\n\n<p><strong>-1\u00ba Ciclo:&nbsp;<\/strong>de crecimiento, donde el 90% est\u00e1 en la misma etapa a la vez, es la etapa m\u00e1s larga y dura, entre 2 y 8 a\u00f1os.<\/p>\n\n\n\n<p><strong>-2\u00aa Ciclo:<\/strong>&nbsp;de involuci\u00f3n, dura semanas y es el que degenera la nutrici\u00f3n del pelo naturalmente hasta desprender del bulbo capilar.<\/p>\n\n\n\n<p><strong>-3\u00aa ciclo:&nbsp;<\/strong>de reposo, es el 10% de la cantidad total del pelo y dura tres meses. Es donde el pelo se desprende totalmente de su fuente de alimentaci\u00f3n.<\/p>\n\n\n\n<p>Estos ciclos se estimulan de manera hormonal y a trav\u00e9s de la nutrici\u00f3n.<\/p>\n\n\n\n<p>\u201c<strong>No dejen de cuidarse el pelo, tanto suspendiendo el lavado excesivo como estando atentos a la ca\u00edda de agua con mucha fuerza en la ducha<\/strong>, y en caso de continuar con la ca\u00edda, adicionar vitaminas y nutrientes que estimulen el crecimiento que son de venta libre en farmacias\u201d, concluy\u00f3 el estilista Di Petta.<\/p>\n\n\n\n<p>Por su parte, Daiana Pontoni, t\u00e9cnica de Alfaparf Alta Moda, dijo que \u00e9sta es la \u00e9poca donde el pelo manifiesta&nbsp;<strong>signos de alerta, y es cuando hay que nutrir y rehidratar en profundidad:<\/strong>&nbsp;\u201cSi notamos resequedad, falta de brillo, opacidad, p\u00e9rdida de color, poca peinabilidad, puntas abiertas o da\u00f1adas y florecidas, esto sucede<strong>&nbsp;por la continua exposici\u00f3n al sol, al cloro, al viento, agentes externos,<\/strong>&nbsp;o tambi\u00e9n si el pelo tiene trabajos t\u00e9cnicos previos&nbsp;<strong>como alisados, decoloraci\u00f3n o coloraci\u00f3n\u201d.<\/strong><\/p>\n\n\n\n<div class=\"wp-block-image\"><figure class=\"aligncenter is-resized\"><img decoding=\"async\" loading=\"lazy\" src=\"https:\/\/www.infobae.com\/new-resizer\/KGZ3gpI0k9KsnnUO08-sUaZz4hk=\/420x280\/filters:format(jpg):quality(70)\/\/cloudfront-us-east-1.images.arcpublishing.com\/infobae\/2YI7TQ5OLRGZZFKQ3ZVI3JXEOQ.jpg\" alt=\"Los shampoo anti ca\u00edda solamente sirven para fortalecer el cabello (Shutterstock)\" width=\"519\" height=\"346\"\/><\/figure><\/div>\n\n\n\n<p>Los shampoo anti ca\u00edda solamente sirven para fortalecer el cabello (Shutterstock)<\/p>\n\n\n\n<p><strong>1- Pelo da\u00f1ado o desfibrado:&nbsp;<\/strong>este es el cabello que se ve florecido en puntas: necesita prote\u00ednas para devolverle la estructura y al fortaleza al cabello. Dentro de las rutinas para lograrlo debemos usar una l\u00ednea de tratamiento intensivo combinando ampolla con m\u00e1scaras reparadoras y adem\u00e1s el uso de un shampoo a base de keratina, que es un aliado clave a la hora de reconstruir la fibra capilar. Lo ideal ser\u00eda utilizar en promedio dos veces por semana la combinaci\u00f3n de las m\u00e1scara con ampolla a base de keratina son f\u00f3rmula ideales para reparar que es lo que necesita.<\/p>\n\n\n\n<p><strong>2- Cabello seco o muy seco:&nbsp;<\/strong>este tipo de cabello se caracteriza por la opacidad del cabello, la poca peinabilidad. Esto se produce por la p\u00e9rdida de l\u00edpidos, los cuales se los podemos devolver utilizando una l\u00ednea nutritiva a base de aceites vegetales como el coco, la palta, la oliva, la macadamia, arg\u00e1n, entre otros. La clave ser\u00e1 al menos una vez por semana utilizar la combinaci\u00f3n tambi\u00e9n de una m\u00e1scara nutritiva con ampolla con estos ingredientes y peri\u00f3dicamente un shampoo acorde a esta problem\u00e1ticas donde la nutrici\u00f3n ser\u00e1 lo m\u00e1s importante.<\/p>\n","protected":false},"excerpt":{"rendered":"<p>Por la pandemia del coronavirus, la ansiedad y el estr\u00e9s pueden llegar a causar p\u00e9rdida de cabello. La pandemia del coronavirus sigue afectando al mundo entero.&nbsp;En la Argentina, el Gobierno,&nbsp;junto a un grupo de expertos,&nbsp;tom\u00f3 la decisi\u00f3n de poner al pa\u00eds hace&nbsp;m\u00e1s de 50 d\u00edas en cuarentena&nbsp;para aplanar la curva de contagios y que los [&hellip;]<\/p>\n","protected":false},"author":40,"featured_media":238837,"comment_status":"open","ping_status":"open","sticky":false,"template":"","format":"standard","meta":{"_stopmodifiedupdate":false,"_modified_date":"","inline_featured_image":false,"spay_email":"","jetpack_publicize_message":""},"categories":[17],"tags":[],"jetpack_featured_media_url":"https:\/\/notinor.com\/jujuy\/wp-content\/uploads\/2020\/05\/util-e-interesante-caida-cabello-remedios-caseros-n391183-696x418-621442.jpg","jetpack_publicize_connections":[],"_links":{"self":[{"href":"https:\/\/notinor.com\/jujuy\/wp-json\/wp\/v2\/posts\/238836"}],"collection":[{"href":"https:\/\/notinor.com\/jujuy\/wp-json\/wp\/v2\/posts"}],"about":[{"href":"https:\/\/notinor.com\/jujuy\/wp-json\/wp\/v2\/types\/post"}],"author":[{"embeddable":true,"href":"https:\/\/notinor.com\/jujuy\/wp-json\/wp\/v2\/users\/40"}],"replies":[{"embeddable":true,"href":"https:\/\/notinor.com\/jujuy\/wp-json\/wp\/v2\/comments?post=238836"}],"version-history":[{"count":2,"href":"https:\/\/notinor.com\/jujuy\/wp-json\/wp\/v2\/posts\/238836\/revisions"}],"predecessor-version":[{"id":238839,"href":"https:\/\/notinor.com\/jujuy\/wp-json\/wp\/v2\/posts\/238836\/revisions\/238839"}],"wp:featuredmedia":[{"embeddable":true,"href":"https:\/\/notinor.com\/jujuy\/wp-json\/wp\/v2\/media\/238837"}],"wp:attachment":[{"href":"https:\/\/notinor.com\/jujuy\/wp-json\/wp\/v2\/media?parent=238836"}],"wp:term":[{"taxonomy":"category","embeddable":true,"href":"https:\/\/notinor.com\/jujuy\/wp-json\/wp\/v2\/categories?post=238836"},{"taxonomy":"post_tag","embeddable":true,"href":"https:\/\/notinor.com\/jujuy\/wp-json\/wp\/v2\/tags?post=238836"}],"curies":[{"name":"wp","href":"https:\/\/api.w.org\/{rel}","templated":true}]}}