{"id":238818,"date":"2020-05-12T13:03:09","date_gmt":"2020-05-12T16:03:09","guid":{"rendered":"https:\/\/notinor.com\/jujuy\/?p=238818"},"modified":"2020-05-12T13:03:14","modified_gmt":"2020-05-12T16:03:14","slug":"macabro-futbolista-asesino-a-su-hijo-de-5-anos-porque-no-lo-queria","status":"publish","type":"post","link":"https:\/\/notinor.com\/jujuy\/macabro-futbolista-asesino-a-su-hijo-de-5-anos-porque-no-lo-queria\/","title":{"rendered":"Macabro: futbolista asesin\u00f3 a su hijo de 5 a\u00f1os \"porque no lo quer\u00eda\""},"content":{"rendered":"\n<p>Tras admitir el hecho, el deportista fue detenido y ser\u00e1\njuzgado por homicidio, que en Turqu\u00eda se castiga hasta con cadena perpetua.<\/p>\n\n\n\n<figure class=\"wp-block-image size-large\"><img decoding=\"async\" loading=\"lazy\" width=\"671\" height=\"480\" src=\"https:\/\/notinor.com\/jujuy\/wp-content\/uploads\/2020\/05\/NI\u00d1O-ASESINADO-671x480.jpg\" alt=\"\" class=\"wp-image-238821\" srcset=\"https:\/\/notinor.com\/jujuy\/wp-content\/uploads\/2020\/05\/NI\u00d1O-ASESINADO-671x480.jpg 671w, https:\/\/notinor.com\/jujuy\/wp-content\/uploads\/2020\/05\/NI\u00d1O-ASESINADO-510x365.jpg 510w, https:\/\/notinor.com\/jujuy\/wp-content\/uploads\/2020\/05\/NI\u00d1O-ASESINADO.jpg 731w\" sizes=\"(max-width: 671px) 100vw, 671px\" \/><\/figure>\n\n\n\n<p class=\"has-background has-vivid-cyan-blue-background-color\"><strong>Un terrible hecho se vivi\u00f3 en la localidad turca de Bursa, donde un futbolista de la liga local mat\u00f3 a su hijo de 5 a\u00f1os porque \"no lo que quer\u00eda\", y tras varios d\u00edas del crimen, el sujeto se entreg\u00f3 a las autoridades locales y confes\u00f3 el episodio.<\/strong><\/p>\n\n\n\n<p>\"Nunca quise a mi hijo menor, desde su nacimiento. No\ns\u00e9 por qu\u00e9 no lo quiero. La \u00fanica raz\u00f3n de haberlo matado fue que no lo quise.\nNo tengo ning\u00fan problema mental\", sostuvo Cevher Toktas.<\/p>\n\n\n\n<p>A 11 d\u00edas de la muerte de su hijo de 5 a\u00f1os supuestamente\npor coronavirus, el jugador se present\u00f3 a la delegaci\u00f3n policial y admiti\u00f3\nhaberlo asesinado, inform\u00f3 Daily Sabah, seg\u00fan RT.<\/p>\n\n\n\n<p>Cabe destacar, que el 23 de abril, el menor fue internado en\nuna cl\u00ednica de Bursa, en el noroeste de Turqu\u00eda, con mucha fiebre y s\u00edntomas de\ncovid-19. El mismo d\u00eda, Toktas llam\u00f3 a los m\u00e9dicos a la habitaci\u00f3n, diciendo\nque su hijo ten\u00eda dificultades para respirar.<\/p>\n\n\n\n<p>Parec\u00eda un caso de COVID-19<\/p>\n\n\n\n<p>El ni\u00f1o fue ingresado a cuidados intensivos, donde falleci\u00f3\ndos horas m\u00e1s tarde. Su muerte no provoc\u00f3 sospechas a los m\u00e9dicos, aunque a\nmenos de dos semanas de esta situaci\u00f3n, el futbolista de 32 a\u00f1os se present\u00f3\nante la polic\u00eda local y cont\u00f3 que hab\u00eda asfixiado al menor.<\/p>\n\n\n\n<p>\"Puse una almohada en la cabeza de mi hijo, que estaba\nacostado boca arriba. Apret\u00e9 durante 15 minutos sin parar\", asegur\u00f3\nToktas.<\/p>\n\n\n\n<p>Y luego el jugador a\u00f1adi\u00f3: \"Mi hijo resisti\u00f3 un tiempo.\nCuando dej\u00f3 de moverse, saqu\u00e9 la almohada. Luego llam\u00e9 a los medicos para que\nno sospechasen nada\"<\/p>\n\n\n\n<p>Tras admitir el motivo del asesinato, el deportista fue\ndetenido y ser\u00e1 juzgado por homicidio, que en Turqu\u00eda se castiga con penas de\nhasta cadena perpetua.<\/p>\n","protected":false},"excerpt":{"rendered":"<p>Tras admitir el hecho, el deportista fue detenido y ser\u00e1 juzgado por homicidio, que en Turqu\u00eda se castiga hasta con cadena perpetua. Un terrible hecho se vivi\u00f3 en la localidad turca de Bursa, donde un futbolista de la liga local mat\u00f3 a su hijo de 5 a\u00f1os porque \"no lo que quer\u00eda\", y tras varios [&hellip;]<\/p>\n","protected":false},"author":5,"featured_media":238819,"comment_status":"open","ping_status":"open","sticky":false,"template":"","format":"standard","meta":{"_stopmodifiedupdate":false,"_modified_date":"","inline_featured_image":false,"spay_email":"","jetpack_publicize_message":"Tras admitir el hecho, el deportista fue detenido y ser\u00e1 juzgado por homicidio, que en Turqu\u00eda se castiga hasta con cadena perpetua."},"categories":[3],"tags":[],"jetpack_featured_media_url":"https:\/\/notinor.com\/jujuy\/wp-content\/uploads\/2020\/05\/ASESINO.jpg","jetpack_publicize_connections":[],"_links":{"self":[{"href":"https:\/\/notinor.com\/jujuy\/wp-json\/wp\/v2\/posts\/238818"}],"collection":[{"href":"https:\/\/notinor.com\/jujuy\/wp-json\/wp\/v2\/posts"}],"about":[{"href":"https:\/\/notinor.com\/jujuy\/wp-json\/wp\/v2\/types\/post"}],"author":[{"embeddable":true,"href":"https:\/\/notinor.com\/jujuy\/wp-json\/wp\/v2\/users\/5"}],"replies":[{"embeddable":true,"href":"https:\/\/notinor.com\/jujuy\/wp-json\/wp\/v2\/comments?post=238818"}],"version-history":[{"count":1,"href":"https:\/\/notinor.com\/jujuy\/wp-json\/wp\/v2\/posts\/238818\/revisions"}],"predecessor-version":[{"id":238843,"href":"https:\/\/notinor.com\/jujuy\/wp-json\/wp\/v2\/posts\/238818\/revisions\/238843"}],"wp:featuredmedia":[{"embeddable":true,"href":"https:\/\/notinor.com\/jujuy\/wp-json\/wp\/v2\/media\/238819"}],"wp:attachment":[{"href":"https:\/\/notinor.com\/jujuy\/wp-json\/wp\/v2\/media?parent=238818"}],"wp:term":[{"taxonomy":"category","embeddable":true,"href":"https:\/\/notinor.com\/jujuy\/wp-json\/wp\/v2\/categories?post=238818"},{"taxonomy":"post_tag","embeddable":true,"href":"https:\/\/notinor.com\/jujuy\/wp-json\/wp\/v2\/tags?post=238818"}],"curies":[{"name":"wp","href":"https:\/\/api.w.org\/{rel}","templated":true}]}}