{"id":238812,"date":"2020-05-12T11:01:38","date_gmt":"2020-05-12T14:01:38","guid":{"rendered":"https:\/\/notinor.com\/jujuy\/?p=238812"},"modified":"2020-05-12T11:01:43","modified_gmt":"2020-05-12T14:01:43","slug":"es-oficial-reabren-todos-los-colegios-y-escuelas-de-jujuy","status":"publish","type":"post","link":"https:\/\/notinor.com\/jujuy\/es-oficial-reabren-todos-los-colegios-y-escuelas-de-jujuy\/","title":{"rendered":"Es oficial: reabren todos los colegios y escuelas de Jujuy"},"content":{"rendered":"\n<p>No habr\u00e1 clases. Solo ser\u00e1 para tareas administrativas.<\/p>\n\n\n\n<figure class=\"wp-block-image size-large\"><img decoding=\"async\" loading=\"lazy\" width=\"1051\" height=\"618\" src=\"https:\/\/i0.wp.com\/notinor.com\/jujuy\/wp-content\/uploads\/2020\/05\/1487181287579.jpg?fit=816%2C480&amp;ssl=1\" alt=\"\" class=\"wp-image-238814\" srcset=\"https:\/\/notinor.com\/jujuy\/wp-content\/uploads\/2020\/05\/1487181287579.jpg 1051w, https:\/\/notinor.com\/jujuy\/wp-content\/uploads\/2020\/05\/1487181287579-621x365.jpg 621w, https:\/\/notinor.com\/jujuy\/wp-content\/uploads\/2020\/05\/1487181287579-816x480.jpg 816w, https:\/\/notinor.com\/jujuy\/wp-content\/uploads\/2020\/05\/1487181287579-768x452.jpg 768w, https:\/\/notinor.com\/jujuy\/wp-content\/uploads\/2020\/05\/1487181287579-849x500.jpg 849w\" sizes=\"(max-width: 1051px) 100vw, 1051px\" \/><\/figure>\n\n\n\n<p class=\"has-background has-vivid-cyan-blue-background-color\">El Ministerio de Educaci\u00f3n de la Provincia aprob\u00f3 la vuelta del personal administrativo a todas las escuelas y colegios de Jujuy. La vuelta a clases a\u00fan es incierta.<\/p>\n\n\n\n<p>La resoluci\u00f3n 1.510, firmada por la ministra de educaci\u00f3n Isolda Calsina, avala la actividad administrativa en todos los niveles de educaci\u00f3n y en gestiones estatales, privadas, sociales y cooperativas.<\/p>\n\n\n\n<p>Cada establecimiento debe reducir al 30% su personal, teniendo en cuenta las tareas que sean impostergables y de necesidad para los superiores. Adem\u00e1s deber\u00e1n facilitar la comunicaci\u00f3n entre docentes y alumnos.<\/p>\n\n\n\n<p>Los directivos podr\u00e1n citar a personal docente que no est\u00e9 en tareas relacionadas a clases virtuales, personal administrativo, t\u00e9cnico y de servicios generales. Solo quedan exceptuadas las personas que entren en el denominado grupo de riesgo.<\/p>\n\n\n\n<p>Para el personal directivo de escuelas rurales o de zonas sin llegada del transporte p\u00fablico, se determin\u00f3 que la sede de Jefatura Administrativa de su regi\u00f3n o la escuela cabecera que designe Gesti\u00f3n Educativa, sea el lugar de trabajo.<\/p>\n\n\n\n<p>Es importante destacar que se deber\u00e1 cumplir rigurosamente con las medidas de bioseguridad del COE: \u00e1reas de desinfecci\u00f3n y constante cuidado y limpieza del material de trabajo.<\/p>\n","protected":false},"excerpt":{"rendered":"<p>No habr\u00e1 clases. Solo ser\u00e1 para tareas administrativas. El Ministerio de Educaci\u00f3n de la Provincia aprob\u00f3 la vuelta del personal administrativo a todas las escuelas y colegios de Jujuy. La vuelta a clases a\u00fan es incierta. La resoluci\u00f3n 1.510, firmada por la ministra de educaci\u00f3n Isolda Calsina, avala la actividad administrativa en todos los niveles [&hellip;]<\/p>\n","protected":false},"author":37,"featured_media":238814,"comment_status":"open","ping_status":"open","sticky":false,"template":"","format":"standard","meta":{"_stopmodifiedupdate":false,"_modified_date":"","inline_featured_image":false,"spay_email":"","jetpack_publicize_message":"Solo se realizar\u00e1n tareas administrativas."},"categories":[2],"tags":[],"jetpack_featured_media_url":"https:\/\/notinor.com\/jujuy\/wp-content\/uploads\/2020\/05\/1487181287579.jpg","jetpack_publicize_connections":[],"_links":{"self":[{"href":"https:\/\/notinor.com\/jujuy\/wp-json\/wp\/v2\/posts\/238812"}],"collection":[{"href":"https:\/\/notinor.com\/jujuy\/wp-json\/wp\/v2\/posts"}],"about":[{"href":"https:\/\/notinor.com\/jujuy\/wp-json\/wp\/v2\/types\/post"}],"author":[{"embeddable":true,"href":"https:\/\/notinor.com\/jujuy\/wp-json\/wp\/v2\/users\/37"}],"replies":[{"embeddable":true,"href":"https:\/\/notinor.com\/jujuy\/wp-json\/wp\/v2\/comments?post=238812"}],"version-history":[{"count":1,"href":"https:\/\/notinor.com\/jujuy\/wp-json\/wp\/v2\/posts\/238812\/revisions"}],"predecessor-version":[{"id":238820,"href":"https:\/\/notinor.com\/jujuy\/wp-json\/wp\/v2\/posts\/238812\/revisions\/238820"}],"wp:featuredmedia":[{"embeddable":true,"href":"https:\/\/notinor.com\/jujuy\/wp-json\/wp\/v2\/media\/238814"}],"wp:attachment":[{"href":"https:\/\/notinor.com\/jujuy\/wp-json\/wp\/v2\/media?parent=238812"}],"wp:term":[{"taxonomy":"category","embeddable":true,"href":"https:\/\/notinor.com\/jujuy\/wp-json\/wp\/v2\/categories?post=238812"},{"taxonomy":"post_tag","embeddable":true,"href":"https:\/\/notinor.com\/jujuy\/wp-json\/wp\/v2\/tags?post=238812"}],"curies":[{"name":"wp","href":"https:\/\/api.w.org\/{rel}","templated":true}]}}