{"id":238811,"date":"2020-05-12T11:21:17","date_gmt":"2020-05-12T14:21:17","guid":{"rendered":"https:\/\/notinor.com\/jujuy\/?p=238811"},"modified":"2020-05-12T11:21:19","modified_gmt":"2020-05-12T14:21:19","slug":"inauguracion-de-mural-en-perico","status":"publish","type":"post","link":"https:\/\/notinor.com\/jujuy\/inauguracion-de-mural-en-perico\/","title":{"rendered":"INAUGURACI\u00d3N DE MURAL EN PERICO."},"content":{"rendered":"\n<p>EN LA JORNADA DE HOY LUNES 11 DE MAYO, QUED\u00d3 OFICIALMENTE INAUGURADO EL GIGANTESCO MURAL UBICADO EN UN MURO INTERNO DEL CLUB ATL\u00c9TICO TALLERES, LA OBRA QUE FUE REALIZADA A TRAV\u00c9S DE LA DIRECCI\u00d3N DE CULTURA A CARGO DEL SR. ADELFO RABASA.<\/p>\n\n\n\n<div class=\"wp-block-image\"><figure class=\"aligncenter size-large\"><img decoding=\"async\" loading=\"lazy\" width=\"480\" height=\"360\" src=\"https:\/\/notinor.com\/jujuy\/wp-content\/uploads\/2020\/05\/WhatsApp-Image-2020-05-12-at-10.30.41-AM.jpeg\" alt=\"\" class=\"wp-image-238815\"\/><\/figure><\/div>\n\n\n\n<p>DE LA OBRA DE ARTE,  PARTICIPARON N\u00daMEROSOS ARTISTAS DEL MEDIO COMO ASI TAMBIEN ARTISTAS DEL MOVIMIENTO INTERNACIONAL DE MURALISTAS Y FUE DECLARADO DE INTERES MUNICIPAL CULTURAL Y SOCIAL.<\/p>\n\n\n\n<figure class=\"wp-block-image size-large\"><img decoding=\"async\" loading=\"lazy\" width=\"1032\" height=\"581\" src=\"https:\/\/i0.wp.com\/notinor.com\/jujuy\/wp-content\/uploads\/2020\/05\/WhatsApp-Image-2020-05-12-at-10.30.42-AM.jpeg?fit=840%2C473&amp;ssl=1\" alt=\"\" class=\"wp-image-238822\" srcset=\"https:\/\/notinor.com\/jujuy\/wp-content\/uploads\/2020\/05\/WhatsApp-Image-2020-05-12-at-10.30.42-AM.jpeg 1032w, https:\/\/notinor.com\/jujuy\/wp-content\/uploads\/2020\/05\/WhatsApp-Image-2020-05-12-at-10.30.42-AM-648x365.jpeg 648w, https:\/\/notinor.com\/jujuy\/wp-content\/uploads\/2020\/05\/WhatsApp-Image-2020-05-12-at-10.30.42-AM-840x473.jpeg 840w, https:\/\/notinor.com\/jujuy\/wp-content\/uploads\/2020\/05\/WhatsApp-Image-2020-05-12-at-10.30.42-AM-500x280.jpeg 500w, https:\/\/notinor.com\/jujuy\/wp-content\/uploads\/2020\/05\/WhatsApp-Image-2020-05-12-at-10.30.42-AM-768x432.jpeg 768w\" sizes=\"(max-width: 1032px) 100vw, 1032px\" \/><\/figure>\n\n\n\n<p>EL ACTO CONT\u00d3 CON LA PRESENCIA DEL INTENDENTE LUCIANO  DEMARCO, EL CONCEJAL EDGARDO DE JES\u00daS SOSA,DIR. DE CULTURA ADOLFO RABASA Y DEM\u00c1S FUNCIONARIOS DEL MUNICIPIO. LA OBRA PICT\u00d3RICA CONSISTE DE UN MURAL QUE MIDE 27 MTS DE LARGO POR 9 MTS DE ALTO, EN EL QUE SE MUESTRAN  LUGARES EMBLEM\u00c1TICOS DE LA CIUDAD.<\/p>\n\n\n\n<div class=\"wp-block-image\"><figure class=\"aligncenter size-large\"><img decoding=\"async\" loading=\"lazy\" width=\"1032\" height=\"581\" src=\"https:\/\/i0.wp.com\/notinor.com\/jujuy\/wp-content\/uploads\/2020\/05\/WhatsApp-Image-2020-05-12-at-10.30.41-AM-2.jpeg?fit=840%2C473&amp;ssl=1\" alt=\"\" class=\"wp-image-238823\" srcset=\"https:\/\/notinor.com\/jujuy\/wp-content\/uploads\/2020\/05\/WhatsApp-Image-2020-05-12-at-10.30.41-AM-2.jpeg 1032w, https:\/\/notinor.com\/jujuy\/wp-content\/uploads\/2020\/05\/WhatsApp-Image-2020-05-12-at-10.30.41-AM-2-648x365.jpeg 648w, https:\/\/notinor.com\/jujuy\/wp-content\/uploads\/2020\/05\/WhatsApp-Image-2020-05-12-at-10.30.41-AM-2-840x473.jpeg 840w, https:\/\/notinor.com\/jujuy\/wp-content\/uploads\/2020\/05\/WhatsApp-Image-2020-05-12-at-10.30.41-AM-2-500x280.jpeg 500w, https:\/\/notinor.com\/jujuy\/wp-content\/uploads\/2020\/05\/WhatsApp-Image-2020-05-12-at-10.30.41-AM-2-768x432.jpeg 768w\" sizes=\"(max-width: 1032px) 100vw, 1032px\" \/><\/figure><\/div>\n\n\n\n<p>LUEGO DE LA INAUGURACI\u00d3N CON LA BENDICION DE LA OBRA A CARGO DEL CURA PARROCO GERMAN MACAGNO,PARA CONCLUIR EL ACTO, HIZO USO DE LA PALABRA EL INTENDENTE LUCIANO DEMARCO, Y SE ENTREGARON CERTIFICADOS  HONORIFICOS A LOS REALIZADORES.<\/p>\n","protected":false},"excerpt":{"rendered":"<p>EN LA JORNADA DE HOY LUNES 11 DE MAYO, QUED\u00d3 OFICIALMENTE INAUGURADO EL GIGANTESCO MURAL UBICADO EN UN MURO INTERNO DEL CLUB ATL\u00c9TICO TALLERES, LA OBRA QUE FUE REALIZADA A TRAV\u00c9S DE LA DIRECCI\u00d3N DE CULTURA A CARGO DEL SR. ADELFO RABASA. DE LA OBRA DE ARTE, PARTICIPARON N\u00daMEROSOS ARTISTAS DEL MEDIO COMO ASI TAMBIEN [&hellip;]<\/p>\n","protected":false},"author":40,"featured_media":238824,"comment_status":"open","ping_status":"open","sticky":false,"template":"","format":"standard","meta":{"_stopmodifiedupdate":false,"_modified_date":"","inline_featured_image":false,"spay_email":"","jetpack_publicize_message":""},"categories":[4],"tags":[],"jetpack_featured_media_url":"https:\/\/notinor.com\/jujuy\/wp-content\/uploads\/2020\/05\/WhatsApp-Image-2020-05-12-at-10.30.41-AM-1.jpeg","jetpack_publicize_connections":[],"_links":{"self":[{"href":"https:\/\/notinor.com\/jujuy\/wp-json\/wp\/v2\/posts\/238811"}],"collection":[{"href":"https:\/\/notinor.com\/jujuy\/wp-json\/wp\/v2\/posts"}],"about":[{"href":"https:\/\/notinor.com\/jujuy\/wp-json\/wp\/v2\/types\/post"}],"author":[{"embeddable":true,"href":"https:\/\/notinor.com\/jujuy\/wp-json\/wp\/v2\/users\/40"}],"replies":[{"embeddable":true,"href":"https:\/\/notinor.com\/jujuy\/wp-json\/wp\/v2\/comments?post=238811"}],"version-history":[{"count":1,"href":"https:\/\/notinor.com\/jujuy\/wp-json\/wp\/v2\/posts\/238811\/revisions"}],"predecessor-version":[{"id":238825,"href":"https:\/\/notinor.com\/jujuy\/wp-json\/wp\/v2\/posts\/238811\/revisions\/238825"}],"wp:featuredmedia":[{"embeddable":true,"href":"https:\/\/notinor.com\/jujuy\/wp-json\/wp\/v2\/media\/238824"}],"wp:attachment":[{"href":"https:\/\/notinor.com\/jujuy\/wp-json\/wp\/v2\/media?parent=238811"}],"wp:term":[{"taxonomy":"category","embeddable":true,"href":"https:\/\/notinor.com\/jujuy\/wp-json\/wp\/v2\/categories?post=238811"},{"taxonomy":"post_tag","embeddable":true,"href":"https:\/\/notinor.com\/jujuy\/wp-json\/wp\/v2\/tags?post=238811"}],"curies":[{"name":"wp","href":"https:\/\/api.w.org\/{rel}","templated":true}]}}