{"id":238792,"date":"2020-05-12T10:10:01","date_gmt":"2020-05-12T13:10:01","guid":{"rendered":"https:\/\/notinor.com\/jujuy\/?p=238792"},"modified":"2020-05-12T10:10:05","modified_gmt":"2020-05-12T13:10:05","slug":"dia-internacional-de-la-enfermera-por-que-se-celebra","status":"publish","type":"post","link":"https:\/\/notinor.com\/jujuy\/dia-internacional-de-la-enfermera-por-que-se-celebra\/","title":{"rendered":"D\u00eda Internacional de la Enfermera: \u00bfPor qu\u00e9 se celebra?"},"content":{"rendered":"\n<p>Este martes se homenajea a la pionera que sent\u00f3 las bases de\nla enfermer\u00eda actual y a los profesionales de salud, que son vitales para todos\nlos ciudadanos del mundo.<\/p>\n\n\n\n<figure class=\"wp-block-image size-large\"><img decoding=\"async\" loading=\"lazy\" width=\"719\" height=\"480\" src=\"https:\/\/notinor.com\/jujuy\/wp-content\/uploads\/2020\/05\/enfermera1-719x480.jpg\" alt=\"\" class=\"wp-image-238794\" srcset=\"https:\/\/notinor.com\/jujuy\/wp-content\/uploads\/2020\/05\/enfermera1-719x480.jpg 719w, https:\/\/notinor.com\/jujuy\/wp-content\/uploads\/2020\/05\/enfermera1-546x365.jpg 546w, https:\/\/notinor.com\/jujuy\/wp-content\/uploads\/2020\/05\/enfermera1-400x266.jpg 400w, https:\/\/notinor.com\/jujuy\/wp-content\/uploads\/2020\/05\/enfermera1.jpg 732w\" sizes=\"(max-width: 719px) 100vw, 719px\" \/><\/figure>\n\n\n\n<p class=\"has-background has-vivid-cyan-blue-background-color\"><strong>Cada 12 de mayo se festeja en todo el mundo el D\u00eda Internacional de la Enfermera. El motivo de esta celebraci\u00f3n es homenajear a la pionera que sent\u00f3 las bases de la enfermer\u00eda actual, Florence Nightingale, y a todos los trabajadores de esta profesi\u00f3n tan crucial. <\/strong><\/p>\n\n\n\n<p>Este martes se conmemoran los 200 a\u00f1os desde el nacimiento\nde Nightingale, la italiana que lider\u00f3 el cuidado de los heridos brit\u00e1nicos\ndurante la guerra de Crimea (1853-1856), promovi\u00f3 la pr\u00e1ctica de la higiene de\nmanos y logr\u00f3 reducir significativamente la tasa de mortalidad de los soldados\nhospitalizados, entre otras acciones de relevancia.<\/p>\n\n\n\n<p>La profesional de la salud era conocida como \u201cLa dama de la\nl\u00e1mpara\u201d por sus recorridos nocturnos entre los pacientes, bajo la iluminaci\u00f3n\nde una l\u00e1mpara de aceite, y tambi\u00e9n por quedarse desvelada con los soldados\nheridos y moribundos.<\/p>\n\n\n\n<p>Gracias a Florence Nightingale, quien fundament\u00f3 sus aportes\nen un trabajo de investigaci\u00f3n riguroso que luego se recogi\u00f3 y analiz\u00f3, el\ncamino de esta profesi\u00f3n se fortaleci\u00f3 notablemente.<\/p>\n\n\n\n<p>En esta misma l\u00ednea, en homenaje a Nightingale, este a\u00f1o\n-tan cr\u00edtico por la pandemia del coronavirus- fue declarado \u201cA\u00f1o de la\nEnfermer\u00eda y Parter\u00eda\u201d. La Organizaci\u00f3n Mundial de la Salud (OMS) y el Consejo\nInternacional de Enfermer\u00eda (CIE) lanzaron la campa\u00f1a \u201cNursing Now\u201d, cuyo\nobjetivo es promover el refuerzo de la Enfermer\u00eda en el mundo.<\/p>\n\n\n\n<p>Esta campa\u00f1a global convoca a todos los gobiernos a aumentar\nla inversi\u00f3n en la formaci\u00f3n, el desarrollo profesional, la mejora de las\ncondiciones laborales, la difusi\u00f3n de pr\u00e1cticas innovadoras, la incorporaci\u00f3n\nde estos profesionales en la toma de decisiones vinculadas a las pol\u00edticas\nsanitarias y la promoci\u00f3n de estudios que demuestren el impacto de estos\nprofesionales en la calidad de atenci\u00f3n, entre otras medidas.<\/p>\n\n\n\n<p>En resumen, la campa\u00f1a mundial es un llamado a destacar no\ns\u00f3lo la gran contribuci\u00f3n de los enfermeros en el sistema sanitario sino la\nenorme potencialidad que tiene esta profesi\u00f3n para la salud de todos.<\/p>\n","protected":false},"excerpt":{"rendered":"<p>Este martes se homenajea a la pionera que sent\u00f3 las bases de la enfermer\u00eda actual y a los profesionales de salud, que son vitales para todos los ciudadanos del mundo. Cada 12 de mayo se festeja en todo el mundo el D\u00eda Internacional de la Enfermera. El motivo de esta celebraci\u00f3n es homenajear a la [&hellip;]<\/p>\n","protected":false},"author":5,"featured_media":238793,"comment_status":"open","ping_status":"open","sticky":false,"template":"","format":"standard","meta":{"_stopmodifiedupdate":false,"_modified_date":"","inline_featured_image":false,"spay_email":"","jetpack_publicize_message":"Este martes se homenajea a la pionera que sent\u00f3 las bases de la enfermer\u00eda actual y a los profesionales de salud, que son vitales para todos los ciudadanos del mundo."},"categories":[13],"tags":[],"jetpack_featured_media_url":"https:\/\/notinor.com\/jujuy\/wp-content\/uploads\/2020\/05\/enfermera.jpg","jetpack_publicize_connections":[],"_links":{"self":[{"href":"https:\/\/notinor.com\/jujuy\/wp-json\/wp\/v2\/posts\/238792"}],"collection":[{"href":"https:\/\/notinor.com\/jujuy\/wp-json\/wp\/v2\/posts"}],"about":[{"href":"https:\/\/notinor.com\/jujuy\/wp-json\/wp\/v2\/types\/post"}],"author":[{"embeddable":true,"href":"https:\/\/notinor.com\/jujuy\/wp-json\/wp\/v2\/users\/5"}],"replies":[{"embeddable":true,"href":"https:\/\/notinor.com\/jujuy\/wp-json\/wp\/v2\/comments?post=238792"}],"version-history":[{"count":1,"href":"https:\/\/notinor.com\/jujuy\/wp-json\/wp\/v2\/posts\/238792\/revisions"}],"predecessor-version":[{"id":238795,"href":"https:\/\/notinor.com\/jujuy\/wp-json\/wp\/v2\/posts\/238792\/revisions\/238795"}],"wp:featuredmedia":[{"embeddable":true,"href":"https:\/\/notinor.com\/jujuy\/wp-json\/wp\/v2\/media\/238793"}],"wp:attachment":[{"href":"https:\/\/notinor.com\/jujuy\/wp-json\/wp\/v2\/media?parent=238792"}],"wp:term":[{"taxonomy":"category","embeddable":true,"href":"https:\/\/notinor.com\/jujuy\/wp-json\/wp\/v2\/categories?post=238792"},{"taxonomy":"post_tag","embeddable":true,"href":"https:\/\/notinor.com\/jujuy\/wp-json\/wp\/v2\/tags?post=238792"}],"curies":[{"name":"wp","href":"https:\/\/api.w.org\/{rel}","templated":true}]}}