{"id":238778,"date":"2020-05-12T09:19:17","date_gmt":"2020-05-12T12:19:17","guid":{"rendered":"https:\/\/notinor.com\/jujuy\/?p=238778"},"modified":"2020-05-12T09:21:51","modified_gmt":"2020-05-12T12:21:51","slug":"se-organiza-la-apertura-de-las-nuevas-actividades-fisicas","status":"publish","type":"post","link":"https:\/\/notinor.com\/jujuy\/se-organiza-la-apertura-de-las-nuevas-actividades-fisicas\/","title":{"rendered":"Se organiza la apertura de las nuevas actividades f\u00edsicas"},"content":{"rendered":"\n<p> Sobre detalles de la reuni\u00f3n, realizada en el Ejecutivo Municipal, el Intendente Jorge explic\u00f3 que se trabaja a la par de las medidas que el COE Provincial va determinando sobre las nuevas modalidades de las actividades f\u00edsica.<\/p>\n\n\n\n<figure class=\"wp-block-image size-large\"><img decoding=\"async\" loading=\"lazy\" width=\"800\" height=\"236\" src=\"https:\/\/notinor.com\/jujuy\/wp-content\/uploads\/2020\/05\/deportes.jpeg\" alt=\"\" class=\"wp-image-238779\" srcset=\"https:\/\/notinor.com\/jujuy\/wp-content\/uploads\/2020\/05\/deportes.jpeg 800w, https:\/\/notinor.com\/jujuy\/wp-content\/uploads\/2020\/05\/deportes-660x195.jpeg 660w, https:\/\/notinor.com\/jujuy\/wp-content\/uploads\/2020\/05\/deportes-768x227.jpeg 768w\" sizes=\"(max-width: 800px) 100vw, 800px\" \/><\/figure>\n\n\n\n<p class=\"has-background has-vivid-cyan-blue-background-color\"><strong>El Intendente de San Salvador de Jujuy, Ra\u00fal \u201cChuli\u201d Jorge, junto al presidente del Concejo Deliberante, Lisandro Aguiar; los secretarios de Gobierno, Gast\u00f3n Mill\u00f3n; de Desarrollo Humano, Jos\u00e9 Luis S\u00e1nchez y la directora de Deporte y Recreaci\u00f3n, \u201cKity\u201d Conde y subdirector, Gustavo Hiruela, mantuvieron una reuni\u00f3n con el secretario de Deportes de la Provincia, Hugo Flores, donde se deline\u00f3 la acci\u00f3n de trabajo en cuanto a la supervisi\u00f3n y regulaci\u00f3n de las actividades f\u00edsicas puestas en la apertura y ampliaci\u00f3n -2da. Fase- ante la pandemia del Covid-19.<\/strong><\/p>\n\n\n\n<p>Sobre detalles de la reuni\u00f3n, realizada en el Ejecutivo\nMunicipal, el Intendente Jorge explic\u00f3 que se trabaja a la par de las medidas\nque el COE Provincial va determinando sobre las nuevas modalidades de las actividades\nf\u00edsicas, ya que las propuestas municipales estar\u00e1n a partir del mi\u00e9rcoles 13 de\nmayo, en un primer momento en el Centro Deportivo Municipal N\u00b01 Higo \u201cPajarito\u201d\nCid Conde, para luego propagarse a los dem\u00e1s Centros Deportivos.<\/p>\n\n\n\n<p>Hugo Flores, secretario de Deporte de la Provincia,\nagradeci\u00f3 al Intendente Ra\u00fal Jorge y a su equipo de trabajo, \u201cpor la\nparticipaci\u00f3n importante que tendr\u00e1n los municipios de ac\u00e1 en adelante junto a\nla direcci\u00f3n de Deportes, respecto a la supervisi\u00f3n y en la regulaci\u00f3n de las\nactividades puesta en la apertura y ampliaci\u00f3n -2da. Fase- ante la pandemia del\nCivid-19; referida al acondicionamiento f\u00edsico de los diferentes espacios y la\napertura de actividades como, fitness, ritmos, deportes individuales, golf,\ntenis, paddle, entre otros; \u201cel rol de los municipios es muy importante y el de\nSan Salvador demostr\u00f3 una buena predisposici\u00f3n para el trabajo que nos llevar\u00e1\na concretarlo\u201d.<\/p>\n\n\n\n<p>En este orden, Jos\u00e9 Luis S\u00e1nchez, puso de relieve poner a\ndisposici\u00f3n los espacios al aire libres para la realizaci\u00f3n de actividades\nnuevas, que \u201cse tienen que dar dentro de un marco de responsabilidad a las\nmedidas de seguridad y protocolo\u201d.<\/p>\n\n\n\n<p>En tanto, la directora de Deportes y Recreaci\u00f3n, \u201cKity\u201d\nConde, al referirse a la apertura de las actividades f\u00edsicas como fitness,\nritmos, deportes individuales, anunci\u00f3 que \u201cdesde el mi\u00e9rcoles 13 las\ndiferentes disciplinas iniciar\u00e1n desde las 9 horas, y estar\u00e1n dirigidas a\npersonas a partir de los 16 hasta los 60 a\u00f1os. Las mismas tendr\u00e1n una \u00bfduraci\u00f3n\nde 45 minutos*, luego 30 minutos para volver a reacondicionar el lugar y sobre\ntodo respetando las terminaciones del DNI\u201d.<\/p>\n","protected":false},"excerpt":{"rendered":"<p>Sobre detalles de la reuni\u00f3n, realizada en el Ejecutivo Municipal, el Intendente Jorge explic\u00f3 que se trabaja a la par de las medidas que el COE Provincial va determinando sobre las nuevas modalidades de las actividades f\u00edsica. El Intendente de San Salvador de Jujuy, Ra\u00fal \u201cChuli\u201d Jorge, junto al presidente del Concejo Deliberante, Lisandro Aguiar; [&hellip;]<\/p>\n","protected":false},"author":5,"featured_media":238781,"comment_status":"open","ping_status":"open","sticky":false,"template":"","format":"standard","meta":{"_stopmodifiedupdate":false,"_modified_date":"","inline_featured_image":false,"spay_email":"","jetpack_publicize_message":" Sobre detalles de la reuni\u00f3n, realizada en el Ejecutivo Municipal, el Intendente Jorge explic\u00f3 que se trabaja a la par de las medidas que el COE Provincial va determinando sobre las nuevas modalidades de las actividades f\u00edsica."},"categories":[514],"tags":[],"jetpack_featured_media_url":"https:\/\/notinor.com\/jujuy\/wp-content\/uploads\/2020\/05\/deportes-1.jpeg","jetpack_publicize_connections":[],"_links":{"self":[{"href":"https:\/\/notinor.com\/jujuy\/wp-json\/wp\/v2\/posts\/238778"}],"collection":[{"href":"https:\/\/notinor.com\/jujuy\/wp-json\/wp\/v2\/posts"}],"about":[{"href":"https:\/\/notinor.com\/jujuy\/wp-json\/wp\/v2\/types\/post"}],"author":[{"embeddable":true,"href":"https:\/\/notinor.com\/jujuy\/wp-json\/wp\/v2\/users\/5"}],"replies":[{"embeddable":true,"href":"https:\/\/notinor.com\/jujuy\/wp-json\/wp\/v2\/comments?post=238778"}],"version-history":[{"count":1,"href":"https:\/\/notinor.com\/jujuy\/wp-json\/wp\/v2\/posts\/238778\/revisions"}],"predecessor-version":[{"id":238780,"href":"https:\/\/notinor.com\/jujuy\/wp-json\/wp\/v2\/posts\/238778\/revisions\/238780"}],"wp:featuredmedia":[{"embeddable":true,"href":"https:\/\/notinor.com\/jujuy\/wp-json\/wp\/v2\/media\/238781"}],"wp:attachment":[{"href":"https:\/\/notinor.com\/jujuy\/wp-json\/wp\/v2\/media?parent=238778"}],"wp:term":[{"taxonomy":"category","embeddable":true,"href":"https:\/\/notinor.com\/jujuy\/wp-json\/wp\/v2\/categories?post=238778"},{"taxonomy":"post_tag","embeddable":true,"href":"https:\/\/notinor.com\/jujuy\/wp-json\/wp\/v2\/tags?post=238778"}],"curies":[{"name":"wp","href":"https:\/\/api.w.org\/{rel}","templated":true}]}}