{"id":238753,"date":"2020-05-11T23:15:33","date_gmt":"2020-05-12T02:15:33","guid":{"rendered":"https:\/\/notinor.com\/jujuy\/?p=238753"},"modified":"2020-05-11T23:15:39","modified_gmt":"2020-05-12T02:15:39","slug":"becas-para-artistas","status":"publish","type":"post","link":"https:\/\/notinor.com\/jujuy\/becas-para-artistas\/","title":{"rendered":"Becas para artistas"},"content":{"rendered":"\n<figure class=\"wp-block-image size-large\"><img decoding=\"async\" loading=\"lazy\" width=\"566\" height=\"479\" src=\"https:\/\/notinor.com\/jujuy\/wp-content\/uploads\/2020\/05\/WhatsApp-Image-2020-05-11-at-4.58.47-PM.jpeg\" alt=\"\" class=\"wp-image-238754\" srcset=\"https:\/\/notinor.com\/jujuy\/wp-content\/uploads\/2020\/05\/WhatsApp-Image-2020-05-11-at-4.58.47-PM.jpeg 566w, https:\/\/notinor.com\/jujuy\/wp-content\/uploads\/2020\/05\/WhatsApp-Image-2020-05-11-at-4.58.47-PM-431x365.jpeg 431w\" sizes=\"(max-width: 566px) 100vw, 566px\" \/><\/figure>\n\n\n\n<p>CIUDAD PERICO 11 DE MAYO DE 2020. <\/p>\n\n\n\n<p> BECAS PARA ARTISTAS.<\/p>\n\n\n\n<p>-LA COORDINADORA GENERAL DEL C.I.C. 2 DE PERICO SRA. MARTA MARTINEZ DE GRECO.                                                                                              ANUNCI\u00d3 QUE SE ENCUENTRAN DISPONIBLES LAS BECAS QUE OTORGA LA NACI\u00d3N PARA FOMENTAR LA CULTURA EN SUS VARIADAS RAMAS.         LA FUNCIONARIA ANUNCI\u00d3 QUE  MERCED A LA GESTI\u00d3N DEL INTENDENTE DEMARCO .                                                                                                    LA NACI\u00d3N CONCRET\u00d3 EL ENV\u00cdO DE BECAS PARA PERSONAS QUE EST\u00c9N LIGADAS A LA CULTURA. <\/p>\n\n\n\n<p>EL MONTO QUE SE ENTREGA ES DE $20.000 .                                                              LA INSCRIPCI\u00d3N PARA LA MISMA DIO COMIENZO HOY Y CULMINAR\u00c1 EL PR\u00d3XIMO 14 DEL CORRIENTE MES.                                                                   HASTA EL MOMENTO SE INSCRIBIERON 5 PERSONAS.                                      PARA DEM\u00c1S INFORMACI\u00d3N LOS INTERESADOS, PUEDEN INGRESAR A LA P\u00c1GINA <strong>BECAS SOST\u00c9N CULTURA<\/strong>, DEL FONDO NACIONAL DE LAS ARTES.                                                                                                                      FINALMENTE INVIT\u00d3 A LOS INTERESADOS DIRIGIRSE AL CIC 2 LOS D\u00cdAS DE LUNES A VIERNES DE 08:00 A 12;00 Y DE 15:00 A 18:00 HORAS.<\/p>\n","protected":false},"excerpt":{"rendered":"<p>CIUDAD PERICO 11 DE MAYO DE 2020. BECAS PARA ARTISTAS. -LA COORDINADORA GENERAL DEL C.I.C. 2 DE PERICO SRA. MARTA MARTINEZ DE GRECO. ANUNCI\u00d3 QUE SE ENCUENTRAN DISPONIBLES LAS BECAS QUE OTORGA LA NACI\u00d3N PARA FOMENTAR LA CULTURA EN SUS VARIADAS RAMAS. LA FUNCIONARIA ANUNCI\u00d3 QUE MERCED A LA GESTI\u00d3N DEL INTENDENTE DEMARCO . LA [&hellip;]<\/p>\n","protected":false},"author":1,"featured_media":238754,"comment_status":"open","ping_status":"open","sticky":false,"template":"","format":"standard","meta":{"_stopmodifiedupdate":false,"_modified_date":"","inline_featured_image":false,"spay_email":"","jetpack_publicize_message":""},"categories":[4],"tags":[],"jetpack_featured_media_url":"https:\/\/notinor.com\/jujuy\/wp-content\/uploads\/2020\/05\/WhatsApp-Image-2020-05-11-at-4.58.47-PM.jpeg","jetpack_publicize_connections":[],"_links":{"self":[{"href":"https:\/\/notinor.com\/jujuy\/wp-json\/wp\/v2\/posts\/238753"}],"collection":[{"href":"https:\/\/notinor.com\/jujuy\/wp-json\/wp\/v2\/posts"}],"about":[{"href":"https:\/\/notinor.com\/jujuy\/wp-json\/wp\/v2\/types\/post"}],"author":[{"embeddable":true,"href":"https:\/\/notinor.com\/jujuy\/wp-json\/wp\/v2\/users\/1"}],"replies":[{"embeddable":true,"href":"https:\/\/notinor.com\/jujuy\/wp-json\/wp\/v2\/comments?post=238753"}],"version-history":[{"count":1,"href":"https:\/\/notinor.com\/jujuy\/wp-json\/wp\/v2\/posts\/238753\/revisions"}],"predecessor-version":[{"id":238755,"href":"https:\/\/notinor.com\/jujuy\/wp-json\/wp\/v2\/posts\/238753\/revisions\/238755"}],"wp:featuredmedia":[{"embeddable":true,"href":"https:\/\/notinor.com\/jujuy\/wp-json\/wp\/v2\/media\/238754"}],"wp:attachment":[{"href":"https:\/\/notinor.com\/jujuy\/wp-json\/wp\/v2\/media?parent=238753"}],"wp:term":[{"taxonomy":"category","embeddable":true,"href":"https:\/\/notinor.com\/jujuy\/wp-json\/wp\/v2\/categories?post=238753"},{"taxonomy":"post_tag","embeddable":true,"href":"https:\/\/notinor.com\/jujuy\/wp-json\/wp\/v2\/tags?post=238753"}],"curies":[{"name":"wp","href":"https:\/\/api.w.org\/{rel}","templated":true}]}}