{"id":238750,"date":"2020-05-11T23:08:12","date_gmt":"2020-05-12T02:08:12","guid":{"rendered":"https:\/\/notinor.com\/jujuy\/?p=238750"},"modified":"2020-05-11T23:08:16","modified_gmt":"2020-05-12T02:08:16","slug":"positivo-encuentro","status":"publish","type":"post","link":"https:\/\/notinor.com\/jujuy\/positivo-encuentro\/","title":{"rendered":"Positivo encuentro!!!"},"content":{"rendered":"\n<p>El gobernador Morales visit\u00f3 al intendente de ciudad Perico Luciano Demarco en la sede municipal .<\/p>\n\n\n\n<figure class=\"wp-block-image size-large\"><img decoding=\"async\" loading=\"lazy\" width=\"768\" height=\"494\" src=\"https:\/\/i1.wp.com\/notinor.com\/jujuy\/wp-content\/uploads\/2020\/05\/WhatsApp-Image-2020-05-11-at-9.59.35-PM-1.jpeg?fit=746%2C480&amp;ssl=1\" alt=\"\" class=\"wp-image-238751\" srcset=\"https:\/\/notinor.com\/jujuy\/wp-content\/uploads\/2020\/05\/WhatsApp-Image-2020-05-11-at-9.59.35-PM-1.jpeg 768w, https:\/\/notinor.com\/jujuy\/wp-content\/uploads\/2020\/05\/WhatsApp-Image-2020-05-11-at-9.59.35-PM-1-567x365.jpeg 567w, https:\/\/notinor.com\/jujuy\/wp-content\/uploads\/2020\/05\/WhatsApp-Image-2020-05-11-at-9.59.35-PM-1-746x480.jpeg 746w\" sizes=\"(max-width: 768px) 100vw, 768px\" \/><\/figure>\n\n\n\n<p>CIUDAD PERICO 11 DE MAYO DE 2020.<\/p>\n\n\n\n<p>EN LA TARDE DE HOY LUNES 11 DE MAYO, EL INTENDENTE DE  CIUDAD PERICO EL  LICENCIADO LUCIANO DEMARCO RECIBI\u00d3 LA VISITA DEL SE\u00d1OR GOBERNADOR DE LA PROVINCIA GERARDO MORALES.<\/p>\n\n\n\n<p> LA REUNI\u00d3N SE LLEV\u00d3 A CABO EN EL SAL\u00d3N DE LA  INTENDENCIA, Y CONSISTI\u00d3 EN TRATAR TEMAS DE SUMO INTER\u00c9S QUE HACEN AL MEJOR DESARROLLO DE LA CIUDAD, AUNANDO CRITERIOS Y COORDINANDO ACCIONES PARA UN PERICO MEJOR.                                                                       LA REUNI\u00d3N SE PROLONG\u00d3 POR ESPACIO DE 40  MINUTOS.                                                                                                      CABE DESTACAR QUE AMBOS COINCIDIERON EN MANTENER  UNA EXCELENTE RELACI\u00d3N INSTITUCIONAL ENTRE EL GOBIERNO Y EL MUNICIPIO. <\/p>\n\n\n\n<p>FINALIZADA LA MISMA, EL INTENDENTE MANIFEST\u00d3 QUE SI LE VA BIEN AL GOBERNADOR, LE VA BIEN A LA PROVINCIA.<\/p>\n","protected":false},"excerpt":{"rendered":"<p>El gobernador Morales visit\u00f3 al intendente de ciudad Perico Luciano Demarco en la sede municipal . CIUDAD PERICO 11 DE MAYO DE 2020. EN LA TARDE DE HOY LUNES 11 DE MAYO, EL INTENDENTE DE CIUDAD PERICO EL LICENCIADO LUCIANO DEMARCO RECIBI\u00d3 LA VISITA DEL SE\u00d1OR GOBERNADOR DE LA PROVINCIA GERARDO MORALES. LA REUNI\u00d3N SE [&hellip;]<\/p>\n","protected":false},"author":1,"featured_media":238751,"comment_status":"open","ping_status":"open","sticky":false,"template":"","format":"standard","meta":{"_stopmodifiedupdate":false,"_modified_date":"","inline_featured_image":false,"spay_email":"","jetpack_publicize_message":""},"categories":[4],"tags":[],"jetpack_featured_media_url":"https:\/\/notinor.com\/jujuy\/wp-content\/uploads\/2020\/05\/WhatsApp-Image-2020-05-11-at-9.59.35-PM-1.jpeg","jetpack_publicize_connections":[],"_links":{"self":[{"href":"https:\/\/notinor.com\/jujuy\/wp-json\/wp\/v2\/posts\/238750"}],"collection":[{"href":"https:\/\/notinor.com\/jujuy\/wp-json\/wp\/v2\/posts"}],"about":[{"href":"https:\/\/notinor.com\/jujuy\/wp-json\/wp\/v2\/types\/post"}],"author":[{"embeddable":true,"href":"https:\/\/notinor.com\/jujuy\/wp-json\/wp\/v2\/users\/1"}],"replies":[{"embeddable":true,"href":"https:\/\/notinor.com\/jujuy\/wp-json\/wp\/v2\/comments?post=238750"}],"version-history":[{"count":1,"href":"https:\/\/notinor.com\/jujuy\/wp-json\/wp\/v2\/posts\/238750\/revisions"}],"predecessor-version":[{"id":238752,"href":"https:\/\/notinor.com\/jujuy\/wp-json\/wp\/v2\/posts\/238750\/revisions\/238752"}],"wp:featuredmedia":[{"embeddable":true,"href":"https:\/\/notinor.com\/jujuy\/wp-json\/wp\/v2\/media\/238751"}],"wp:attachment":[{"href":"https:\/\/notinor.com\/jujuy\/wp-json\/wp\/v2\/media?parent=238750"}],"wp:term":[{"taxonomy":"category","embeddable":true,"href":"https:\/\/notinor.com\/jujuy\/wp-json\/wp\/v2\/categories?post=238750"},{"taxonomy":"post_tag","embeddable":true,"href":"https:\/\/notinor.com\/jujuy\/wp-json\/wp\/v2\/tags?post=238750"}],"curies":[{"name":"wp","href":"https:\/\/api.w.org\/{rel}","templated":true}]}}