{"id":238744,"date":"2020-05-11T21:26:06","date_gmt":"2020-05-12T00:26:06","guid":{"rendered":"https:\/\/notinor.com\/jujuy\/?p=238744"},"modified":"2020-08-24T12:24:17","modified_gmt":"2020-08-24T15:24:17","slug":"la-cuarentena-le-puso-fin-a-separadasno-regresara-a-la-pantalla-de-el-trece","status":"publish","type":"post","link":"https:\/\/notinor.com\/jujuy\/la-cuarentena-le-puso-fin-a-separadasno-regresara-a-la-pantalla-de-el-trece\/","title":{"rendered":"La cuarentena le puso fin a \u201cSeparadas\u201d:no regresar\u00e1 a la pantalla de El Trece"},"content":{"rendered":"\n<p>La ficci\u00f3n de Polka se emiti\u00f3 por \u00faltima vez el 19 de marzo y estaba pensado su regreso para cuando terminara el confinamiento por el COVID-19, sin embargo no continuar\u00e1n las grabaciones <\/p>\n\n\n\n<figure class=\"wp-block-image size-large\"><img decoding=\"async\" loading=\"lazy\" width=\"770\" height=\"350\" src=\"https:\/\/notinor.com\/jujuy\/wp-content\/uploads\/2020\/05\/2020051120271513576.jpg\" alt=\"\" class=\"wp-image-238745\" srcset=\"https:\/\/notinor.com\/jujuy\/wp-content\/uploads\/2020\/05\/2020051120271513576.jpg 770w, https:\/\/notinor.com\/jujuy\/wp-content\/uploads\/2020\/05\/2020051120271513576-660x300.jpg 660w, https:\/\/notinor.com\/jujuy\/wp-content\/uploads\/2020\/05\/2020051120271513576-768x349.jpg 768w\" sizes=\"(max-width: 770px) 100vw, 770px\" \/><\/figure>\n\n\n\n<p class=\"has-background has-vivid-cyan-blue-background-color\">Los televidentes siempre esperan un final feliz para sus ficciones favoritas, aunque a veces no terminan como ellos pretenden. Es m\u00e1s, a veces, las historias ni siquiera tienen un final. Es el caso de&nbsp;<em><strong>Separadas<\/strong><\/em>, la tira que El Trece emit\u00eda de lunes a jueves a las 21:30, que dej\u00f3 de emitirse el 19 de marzo, un d\u00eda antes de que el presidente,&nbsp;<strong>Alberto Fern\u00e1ndez,&nbsp;<\/strong>decretara la cuarentena total en la Rep\u00fablica Argentina. Si bien estaba previsto que en alg\u00fan momento regresaran las grabaciones para seguir al aire,&nbsp;<strong>esta tarde la productora Polka decidi\u00f3 ponerle punto final.<\/strong><\/p>\n\n\n\n<p>Seg\u00fan pudo saber&nbsp;<strong>Teleshow<\/strong>, esta tarde la producci\u00f3n le comunic\u00f3 la noticia al elenco de la tira, que estaba compuesto por&nbsp;<strong>Celeste Cid, Marcela Kloosterboer, Agustina Cherri, M\u00f3nica Anton\u00f3pulos, Julieta Zylberberg, Gimena Accardi y Julieta Nair Calvo, Mariano Mart\u00ednez, Sebasti\u00e1n Estevanez, Ludovico Di Santo, Maxi Iglesias, Victorio D\u2019Alessandro, Andr\u00e9s Gil, Iair Said<\/strong>&nbsp;y la participaci\u00f3n especial de<strong>&nbsp;Viviana Saccone.<\/strong><\/p>\n\n\n\n<p>En una entrevista con\u00a0Teleshow\u00a0el 20 de marzo Julieta Zylberberg, una de las protagonistas, dijo:<strong>\u00a0\u201cSoy una ciudadana m\u00e1s de este mundo y estamos atravesando un momento muy dif\u00edcil. Siento que nuestro presidente (Alberto Fern\u00e1ndez) tom\u00f3 una media espectacular, en un buen momento, cuando todav\u00eda, aparentemente, estamos a tiempo de frenar un poco esto\u201d.<\/strong><\/p>\n\n\n\n<p>La actriz, madre de\u00a0<strong>Luis Ernesto<\/strong>, de ocho a\u00f1os, se mostr\u00f3 en esos d\u00edas muy preocupada por el avance del coronavirus y dej\u00f3 en claro que iba a cumplir con la cuarentena dispuesta por las autoridades.<strong>\u00a0\u201cEstoy asustada, alerta, encerrada. Y eso se extiende a todos los campos posibles de nuestras vidas. Nuestros hijos est\u00e1n sin colegio, no podemos ver a nuestros amigos ni a nadie, no debemos ir al trabajo si no es indispensable. B\u00e1sicamente, es eso lo que podemos hacer cada uno de nosotros\u201d.<\/strong><\/p>\n\n\n\n<p>Hasta hace pocos d\u00edas en la pantalla de El Trece se emit\u00edan distintas promociones de la ficci\u00f3n en las que\u00a0se las ve\u00eda a las protagonistas hablando por videollamada sobre las dificultades que plantea la cuarentena.<\/p>\n\n\n\n<p><strong>\u201cEsto es un embole\u201d<\/strong>, dice&nbsp;<em>Paula&nbsp;<\/em>(Zylberberg) en la videollamada. \u201cYo estoy igual, comiendo todo el d\u00eda\u201d, asegura&nbsp;<em>Martina&nbsp;<\/em>(Cid). Luego, le preguntan a&nbsp;<em>Romina&nbsp;<\/em>(Cherri) c\u00f3mo est\u00e1 la calle.<strong>&nbsp;\u201cBien, pero evidentemente hay gente que no entiende que no puede salir\u201d<\/strong>, responde la agente de Polic\u00eda. \u201c\u00a1Y metelos en cana, vos que pod\u00e9s!\u201d, grita&nbsp;<em>Paula<\/em>.<\/p>\n\n\n\n<p>\u201cChicas, no sean exageradas, al final es la casa de cada una, hay muchas cosas que hacer en la casa.<strong>\u00a0Las quiero a ver ustedes con dos hijos adolescentes, est\u00e1n encerrados matando zombies\u201d,<\/strong>\u00a0agrega\u00a0<em>Clara\u00a0<\/em>(Anton\u00f3pulos). \u201cQu\u00e9 pesada con los chicos, ya se les va a pasar\u201d, responde\u00a0<em>Martina<\/em>. Luego, todas dicen que se extra\u00f1an mucho y finaliza la comunicaci\u00f3n.<\/p>\n\n\n\n<p><em>Separadas,<\/em>\u00a0que narraba las historias de vida de siete mujeres con personalidades diferentes, tuvo el 19 de marzo, en lo que ahora se convirti\u00f3 en su \u00faltimo cap\u00edtulo, la participaci\u00f3n especial como invitado de<strong>\u00a0Adri\u00e1n Suar<\/strong>, el gerente de Programaci\u00f3n de El Trece y fundador de Polka, la productora de esta ficci\u00f3n. <\/p>\n\n\n\n<p> Un d\u00eda antes la productora le comunic\u00f3 a los televidentes que la tira entraba en un intervalo, aunque se manten\u00eda la esperanza de que volver\u00edan en un breve o mediano plazo. \u201cTenemos que entender que son tiempos dif\u00edciles y que ahora m\u00e1s que nunca tenemos que estar separados pero juntos\u201d. Claro, en ese entonces<strong>\u00a0nadie imaginaba aun que la cuarentena durar\u00eda m\u00e1s de dos semanas<\/strong>. O m\u00e1s de meses, como suceder\u00eda finalmente. <\/p>\n\n\n\n<p>La tira dirigida por\u00a0<strong>Mart\u00edn Sab\u00e1n<\/strong>\u00a0y\u00a0<strong>Sebasti\u00e1n Pivotto<\/strong>\u00a0debut\u00f3 el 20 de enero y, si bien estaba previsto que continuara durante todo el 2020, estuvo al aire dos meses con apenas 35 cap\u00edtulos emitidos. <\/p>\n\n\n\n<p> La idea del canal ahora es continuar con\u00a0<em><strong>Bienvenidos a bordo<\/strong><\/em>, el programa de entretenimientos de Kuarzo que conduce\u00a0<strong>Guido Kaczka,<\/strong>\u00a0y apuntar todos los ca\u00f1ones al regreso de\u00a0<strong>Marcelo Tinelli\u00a0<\/strong>con\u00a0<em><strong>ShowMatch<\/strong><\/em>. <\/p>\n","protected":false},"excerpt":{"rendered":"<p>La ficci\u00f3n de Polka se emiti\u00f3 por \u00faltima vez el 19 de marzo y estaba pensado su regreso para cuando terminara el confinamiento por el COVID-19, sin embargo no continuar\u00e1n las grabaciones Los televidentes siempre esperan un final feliz para sus ficciones favoritas, aunque a veces no terminan como ellos pretenden. Es m\u00e1s, a veces, [&hellip;]<\/p>\n","protected":false},"author":37,"featured_media":238746,"comment_status":"open","ping_status":"open","sticky":false,"template":"","format":"standard","meta":{"_stopmodifiedupdate":false,"_modified_date":"","inline_featured_image":false,"spay_email":"","jetpack_publicize_message":"La ficci\u00f3n de Polka se emiti\u00f3 por \u00faltima vez el 19 de marzo y estaba pensado su regreso para cuando terminara el confinamiento por el COVID-19, sin embargo no continuar\u00e1n las grabaciones "},"categories":[21],"tags":[],"jetpack_featured_media_url":"https:\/\/notinor.com\/jujuy\/wp-content\/uploads\/2020\/05\/unnamed-4.jpg","jetpack_publicize_connections":[],"_links":{"self":[{"href":"https:\/\/notinor.com\/jujuy\/wp-json\/wp\/v2\/posts\/238744"}],"collection":[{"href":"https:\/\/notinor.com\/jujuy\/wp-json\/wp\/v2\/posts"}],"about":[{"href":"https:\/\/notinor.com\/jujuy\/wp-json\/wp\/v2\/types\/post"}],"author":[{"embeddable":true,"href":"https:\/\/notinor.com\/jujuy\/wp-json\/wp\/v2\/users\/37"}],"replies":[{"embeddable":true,"href":"https:\/\/notinor.com\/jujuy\/wp-json\/wp\/v2\/comments?post=238744"}],"version-history":[{"count":1,"href":"https:\/\/notinor.com\/jujuy\/wp-json\/wp\/v2\/posts\/238744\/revisions"}],"predecessor-version":[{"id":238747,"href":"https:\/\/notinor.com\/jujuy\/wp-json\/wp\/v2\/posts\/238744\/revisions\/238747"}],"wp:featuredmedia":[{"embeddable":true,"href":"https:\/\/notinor.com\/jujuy\/wp-json\/wp\/v2\/media\/238746"}],"wp:attachment":[{"href":"https:\/\/notinor.com\/jujuy\/wp-json\/wp\/v2\/media?parent=238744"}],"wp:term":[{"taxonomy":"category","embeddable":true,"href":"https:\/\/notinor.com\/jujuy\/wp-json\/wp\/v2\/categories?post=238744"},{"taxonomy":"post_tag","embeddable":true,"href":"https:\/\/notinor.com\/jujuy\/wp-json\/wp\/v2\/tags?post=238744"}],"curies":[{"name":"wp","href":"https:\/\/api.w.org\/{rel}","templated":true}]}}