{"id":238741,"date":"2020-05-11T21:20:10","date_gmt":"2020-05-12T00:20:10","guid":{"rendered":"https:\/\/notinor.com\/jujuy\/?p=238741"},"modified":"2020-05-11T21:20:12","modified_gmt":"2020-05-12T00:20:12","slug":"39-dias-consecutivos-sin-coronavirus-en-jujuy","status":"publish","type":"post","link":"https:\/\/notinor.com\/jujuy\/39-dias-consecutivos-sin-coronavirus-en-jujuy\/","title":{"rendered":"39 d\u00edas consecutivos sin coronavirus en Jujuy"},"content":{"rendered":"\n<p>En el resto del pa\u00eds se suman 6.278 casos positivos.<\/p>\n\n\n\n<figure class=\"wp-block-image size-large\"><img decoding=\"async\" loading=\"lazy\" width=\"400\" height=\"225\" src=\"https:\/\/notinor.com\/jujuy\/wp-content\/uploads\/2020\/05\/testnegativo-400x225-1.jpg\" alt=\"\" class=\"wp-image-238742\"\/><\/figure>\n\n\n\n<p class=\"has-background has-vivid-cyan-blue-background-color\">El Ministerio de Salud de la Naci\u00f3n inform\u00f3 que Jujuy alcanz\u00f3 los 39 d\u00edas sin registrar nuevos casos de coronavirus.<\/p>\n\n\n\n<p>Hoy en el pa\u00eds fueron confirmados 244 nuevos casos de COVID-19. Con estos registros, suman 6.278 positivos en Argetina.<\/p>\n\n\n\n<p>Del total de esos casos, 932 (14,8%) son importados, 2.802 (44,6%) son contactos estrechos de casos confirmados, 1.835 (29,2%) son casos de circulaci\u00f3n comunitaria y el resto se encuentra en investigaci\u00f3n epidemiol\u00f3gica.<\/p>\n\n\n\n<p>Se registraron 9 nuevas muertes. Cinco hombres, dos de 74 y 38 a\u00f1os, residentes en la provincia de Buenos Aires, dos de 73 y 83 a\u00f1os residentes en la Ciudad de Buenos Aires (CABA), uno de 75 a\u00f1os, residente en la provincia de Chaco; y cuatro mujeres, dos de 85 y 83 a\u00f1os, residentes en la provincia de Buenos Aires, una de 91 a\u00f1os, residente en la Ciudad de Buenos Aires, y otra, de 64 a\u00f1os, residente en la provincia de R\u00edo Negro. Al momento la cantidad de personas fallecidas es 314.<\/p>\n","protected":false},"excerpt":{"rendered":"<p>En el resto del pa\u00eds se suman 6.278 casos positivos. El Ministerio de Salud de la Naci\u00f3n inform\u00f3 que Jujuy alcanz\u00f3 los 39 d\u00edas sin registrar nuevos casos de coronavirus. Hoy en el pa\u00eds fueron confirmados 244 nuevos casos de COVID-19. Con estos registros, suman 6.278 positivos en Argetina. Del total de esos casos, 932 [&hellip;]<\/p>\n","protected":false},"author":37,"featured_media":238742,"comment_status":"open","ping_status":"open","sticky":false,"template":"","format":"standard","meta":{"_stopmodifiedupdate":false,"_modified_date":"","inline_featured_image":false,"spay_email":"","jetpack_publicize_message":"En el resto del pa\u00eds se suman 6.278 casos positivos."},"categories":[2],"tags":[],"jetpack_featured_media_url":"https:\/\/notinor.com\/jujuy\/wp-content\/uploads\/2020\/05\/testnegativo-400x225-1.jpg","jetpack_publicize_connections":[],"_links":{"self":[{"href":"https:\/\/notinor.com\/jujuy\/wp-json\/wp\/v2\/posts\/238741"}],"collection":[{"href":"https:\/\/notinor.com\/jujuy\/wp-json\/wp\/v2\/posts"}],"about":[{"href":"https:\/\/notinor.com\/jujuy\/wp-json\/wp\/v2\/types\/post"}],"author":[{"embeddable":true,"href":"https:\/\/notinor.com\/jujuy\/wp-json\/wp\/v2\/users\/37"}],"replies":[{"embeddable":true,"href":"https:\/\/notinor.com\/jujuy\/wp-json\/wp\/v2\/comments?post=238741"}],"version-history":[{"count":1,"href":"https:\/\/notinor.com\/jujuy\/wp-json\/wp\/v2\/posts\/238741\/revisions"}],"predecessor-version":[{"id":238743,"href":"https:\/\/notinor.com\/jujuy\/wp-json\/wp\/v2\/posts\/238741\/revisions\/238743"}],"wp:featuredmedia":[{"embeddable":true,"href":"https:\/\/notinor.com\/jujuy\/wp-json\/wp\/v2\/media\/238742"}],"wp:attachment":[{"href":"https:\/\/notinor.com\/jujuy\/wp-json\/wp\/v2\/media?parent=238741"}],"wp:term":[{"taxonomy":"category","embeddable":true,"href":"https:\/\/notinor.com\/jujuy\/wp-json\/wp\/v2\/categories?post=238741"},{"taxonomy":"post_tag","embeddable":true,"href":"https:\/\/notinor.com\/jujuy\/wp-json\/wp\/v2\/tags?post=238741"}],"curies":[{"name":"wp","href":"https:\/\/api.w.org\/{rel}","templated":true}]}}