{"id":238731,"date":"2020-05-11T16:53:35","date_gmt":"2020-05-11T19:53:35","guid":{"rendered":"https:\/\/notinor.com\/jujuy\/?p=238731"},"modified":"2020-05-11T16:55:36","modified_gmt":"2020-05-11T19:55:36","slug":"carlos-oehler-fue-desplazado-de-su-cargo-luego-una-frase-desafortunada-contra-del-movimiento-feminista","status":"publish","type":"post","link":"https:\/\/notinor.com\/jujuy\/carlos-oehler-fue-desplazado-de-su-cargo-luego-una-frase-desafortunada-contra-del-movimiento-feminista\/","title":{"rendered":"Desplazado de su cargo luego de una frase desafortunada contra del movimiento feminista"},"content":{"rendered":"\n<p>Carlos Oehler estaba al frente del  de la empresa Jujuy Energ\u00eda y Miner\u00eda Sociedad del Estado (Jemse)  y tild\u00f3 a los grupos de mujeres como \"feminazis\".<\/p>\n\n\n\n<figure class=\"wp-block-image size-large\"><img decoding=\"async\" loading=\"lazy\" width=\"880\" height=\"535\" src=\"https:\/\/i0.wp.com\/notinor.com\/jujuy\/wp-content\/uploads\/2020\/05\/Carlos-Oehler-880x535-1.jpg?fit=790%2C480&amp;ssl=1\" alt=\"\" class=\"wp-image-238732\" srcset=\"https:\/\/notinor.com\/jujuy\/wp-content\/uploads\/2020\/05\/Carlos-Oehler-880x535-1.jpg 880w, https:\/\/notinor.com\/jujuy\/wp-content\/uploads\/2020\/05\/Carlos-Oehler-880x535-1-600x365.jpg 600w, https:\/\/notinor.com\/jujuy\/wp-content\/uploads\/2020\/05\/Carlos-Oehler-880x535-1-790x480.jpg 790w, https:\/\/notinor.com\/jujuy\/wp-content\/uploads\/2020\/05\/Carlos-Oehler-880x535-1-768x467.jpg 768w\" sizes=\"(max-width: 880px) 100vw, 880px\" \/><figcaption>Carlos Oehler fue echado por Morales tras sus pol\u00e9micos dichos<\/figcaption><\/figure>\n\n\n\n<p class=\"has-background has-vivid-cyan-blue-background-color\">Finalmente se confirm\u00f3 el apartamiento del gabinete provincial de Carlos Oehler, quien hasta hace algunos d\u00edas estaba al frente  de la empresa Jujuy Energ\u00eda y Miner\u00eda Sociedad del Estado (Jemse).<\/p>\n\n\n\n<p>Oehler, quien tuvo su paso por el ministerio de Turismo de la provincia tuvo desafortunados comentarios que se hicieron p\u00fablico en las redes sociales, en los cuales propicio alusiones de todo ofensivos al movimiento feminista;<\/p>\n\n\n\n<p>Texualemente public\u00f3 via Twitter;  \"Houdini debe estar con mucha envidia. Los KK hicieron algo imposible. \u00a1\u00a1\u00a1DESAPARECI\u00d3 UN COLEKTIVO!!!&nbsp;<strong>\u00bfD\u00f3nde anda el colectivo feminazi del pa\u00f1uelo verde?&nbsp;<\/strong>\u00a1\u00a1\u00a1POR ESTOS TIEMPOS no se los escucha protestar ni decir nada!!! \u00a1\u00a1\u00a1SON UNA M.!!! [sic]\". <\/p>\n\n\n\n<p>El mensaje no solo caus\u00f3 indignaci\u00f3n en los colectivos de mujeres sino que llego a idos del propio del gobernador, que sin dudarlo pidi\u00f3 su salida de la gesti\u00f3n. Pese a que despu\u00e9s pidi\u00f3 disculpas en un mensaje que p\u00fablic\u00f3 en la misma red se inicio una demanda en su contra en el INADI;  \"Soy y ser\u00e9 un incondicional defensor de los derechos de la mujer\".<\/p>\n\n\n\n<p>En su remplazo fue designado Felipe Mendez al frente del organismo provincial.- <\/p>\n\n\n\n<p><\/p>\n","protected":false},"excerpt":{"rendered":"<p>Carlos Oehler estaba al frente del de la empresa Jujuy Energ\u00eda y Miner\u00eda Sociedad del Estado (Jemse) y tild\u00f3 a los grupos de mujeres como \"feminazis\". Finalmente se confirm\u00f3 el apartamiento del gabinete provincial de Carlos Oehler, quien hasta hace algunos d\u00edas estaba al frente de la empresa Jujuy Energ\u00eda y Miner\u00eda Sociedad del Estado [&hellip;]<\/p>\n","protected":false},"author":1,"featured_media":238732,"comment_status":"open","ping_status":"open","sticky":false,"template":"","format":"standard","meta":{"_stopmodifiedupdate":false,"_modified_date":"","inline_featured_image":false,"spay_email":"","jetpack_publicize_message":"Estaba al frente del  de la empresa Jujuy Energ\u00eda y Miner\u00eda Sociedad del Estado (Jemse)  y tild\u00f3 a los grupos de mujeres como \"feminazis\"."},"categories":[514,501],"tags":[],"jetpack_featured_media_url":"https:\/\/notinor.com\/jujuy\/wp-content\/uploads\/2020\/05\/Carlos-Oehler-880x535-1.jpg","jetpack_publicize_connections":[],"_links":{"self":[{"href":"https:\/\/notinor.com\/jujuy\/wp-json\/wp\/v2\/posts\/238731"}],"collection":[{"href":"https:\/\/notinor.com\/jujuy\/wp-json\/wp\/v2\/posts"}],"about":[{"href":"https:\/\/notinor.com\/jujuy\/wp-json\/wp\/v2\/types\/post"}],"author":[{"embeddable":true,"href":"https:\/\/notinor.com\/jujuy\/wp-json\/wp\/v2\/users\/1"}],"replies":[{"embeddable":true,"href":"https:\/\/notinor.com\/jujuy\/wp-json\/wp\/v2\/comments?post=238731"}],"version-history":[{"count":3,"href":"https:\/\/notinor.com\/jujuy\/wp-json\/wp\/v2\/posts\/238731\/revisions"}],"predecessor-version":[{"id":238735,"href":"https:\/\/notinor.com\/jujuy\/wp-json\/wp\/v2\/posts\/238731\/revisions\/238735"}],"wp:featuredmedia":[{"embeddable":true,"href":"https:\/\/notinor.com\/jujuy\/wp-json\/wp\/v2\/media\/238732"}],"wp:attachment":[{"href":"https:\/\/notinor.com\/jujuy\/wp-json\/wp\/v2\/media?parent=238731"}],"wp:term":[{"taxonomy":"category","embeddable":true,"href":"https:\/\/notinor.com\/jujuy\/wp-json\/wp\/v2\/categories?post=238731"},{"taxonomy":"post_tag","embeddable":true,"href":"https:\/\/notinor.com\/jujuy\/wp-json\/wp\/v2\/tags?post=238731"}],"curies":[{"name":"wp","href":"https:\/\/api.w.org\/{rel}","templated":true}]}}