{"id":238728,"date":"2020-05-11T16:36:53","date_gmt":"2020-05-11T19:36:53","guid":{"rendered":"https:\/\/notinor.com\/jujuy\/?p=238728"},"modified":"2020-05-11T16:37:34","modified_gmt":"2020-05-11T19:37:34","slug":"gerardo-morales-afirmo-que-los-alumnos-no-pasaran-de-ano-por-decreto","status":"publish","type":"post","link":"https:\/\/notinor.com\/jujuy\/gerardo-morales-afirmo-que-los-alumnos-no-pasaran-de-ano-por-decreto\/","title":{"rendered":"Gerardo Morales afirm\u00f3 que los alumnos no pasar\u00e1n de a\u00f1o por decreto"},"content":{"rendered":"\n<p>El gobernador de la provincia confirm\u00f3 adem\u00e1s que se eval\u00faa un sistema de calificaci\u00f3n diferente. \u00bfCu\u00e1ndo y c\u00f3mo ser\u00e1 el reinicio de clases ?<\/p>\n\n\n\n<figure class=\"wp-block-image size-large\"><img decoding=\"async\" loading=\"lazy\" width=\"1140\" height=\"578\" src=\"https:\/\/i1.wp.com\/notinor.com\/jujuy\/wp-content\/uploads\/2020\/05\/morales.jpg?fit=840%2C426&amp;ssl=1\" alt=\"\" class=\"wp-image-238729\" srcset=\"https:\/\/notinor.com\/jujuy\/wp-content\/uploads\/2020\/05\/morales.jpg 1140w, https:\/\/notinor.com\/jujuy\/wp-content\/uploads\/2020\/05\/morales-660x335.jpg 660w, https:\/\/notinor.com\/jujuy\/wp-content\/uploads\/2020\/05\/morales-840x426.jpg 840w, https:\/\/notinor.com\/jujuy\/wp-content\/uploads\/2020\/05\/morales-768x389.jpg 768w\" sizes=\"(max-width: 1140px) 100vw, 1140px\" \/><\/figure>\n\n\n\n<p>Casi dos meses sin clases presenciales en Jujuy y tambi\u00e9n en el resto del pa\u00eds. La pandemia de coronavirus lo oblig\u00f3. Si bien la educaci\u00f3n se est\u00e1 haciendo a distancia y por los m\u00e9todos tecnol\u00f3gicos, algunos especularon con la posibilidad de promover el pase de los estudiantes de algunos niveles por las actuales condiciones.Sobre el tema habl\u00f3 Morales.<\/p>\n\n\n\n<p>Esa versi\u00f3n fue descartada de plano por el gobernador. \u201cNo voy a firmar un decreto de promoci\u00f3n como se hizo en a\u00f1os anteriores\u201d, afirm\u00f3 Gerardo Morales. \u201cQue quede claro: no va a haber una resoluci\u00f3n que promueva autom\u00e1ticamente\u201d, reafirm\u00f3 el mandatario provincial ante la consulta.<\/p>\n\n\n\n<p>Te puede interesar: El Gobierno lanz\u00f3 la licitaci\u00f3n para 15 nuevas escuelas en San Salvador y el interior<\/p>\n\n\n\n<p>Morales asegur\u00f3 que se trabaja en un sistema de calificaci\u00f3n especial. \u201cTendr\u00e1 que ser diferente\u201d, indic\u00f3, y agreg\u00f3 que elaboran un plan especial. \u201cNo adelantar\u00e9 nada. Pero hay que mejorar el programa en el marco de la pandemia, mejorar las condiciones y el proceso de ense\u00f1anza y de aprendizaje\u201d, dijo enf\u00e1ticamente.<\/p>\n","protected":false},"excerpt":{"rendered":"<p>El gobernador de la provincia confirm\u00f3 adem\u00e1s que se eval\u00faa un sistema de calificaci\u00f3n diferente. \u00bfCu\u00e1ndo y c\u00f3mo ser\u00e1 el reinicio de clases ? Casi dos meses sin clases presenciales en Jujuy y tambi\u00e9n en el resto del pa\u00eds. La pandemia de coronavirus lo oblig\u00f3. Si bien la educaci\u00f3n se est\u00e1 haciendo a distancia y [&hellip;]<\/p>\n","protected":false},"author":1,"featured_media":238729,"comment_status":"open","ping_status":"open","sticky":false,"template":"","format":"standard","meta":{"_stopmodifiedupdate":false,"_modified_date":"","inline_featured_image":false,"spay_email":"","jetpack_publicize_message":"El gobernador de la provincia confirm\u00f3 adem\u00e1s que se eval\u00faa un sistema de calificaci\u00f3n diferente. \u00bfCu\u00e1ndo y c\u00f3mo ser\u00e1 el reinicio de clases ?"},"categories":[2],"tags":[],"jetpack_featured_media_url":"https:\/\/notinor.com\/jujuy\/wp-content\/uploads\/2020\/05\/morales.jpg","jetpack_publicize_connections":[],"_links":{"self":[{"href":"https:\/\/notinor.com\/jujuy\/wp-json\/wp\/v2\/posts\/238728"}],"collection":[{"href":"https:\/\/notinor.com\/jujuy\/wp-json\/wp\/v2\/posts"}],"about":[{"href":"https:\/\/notinor.com\/jujuy\/wp-json\/wp\/v2\/types\/post"}],"author":[{"embeddable":true,"href":"https:\/\/notinor.com\/jujuy\/wp-json\/wp\/v2\/users\/1"}],"replies":[{"embeddable":true,"href":"https:\/\/notinor.com\/jujuy\/wp-json\/wp\/v2\/comments?post=238728"}],"version-history":[{"count":1,"href":"https:\/\/notinor.com\/jujuy\/wp-json\/wp\/v2\/posts\/238728\/revisions"}],"predecessor-version":[{"id":238730,"href":"https:\/\/notinor.com\/jujuy\/wp-json\/wp\/v2\/posts\/238728\/revisions\/238730"}],"wp:featuredmedia":[{"embeddable":true,"href":"https:\/\/notinor.com\/jujuy\/wp-json\/wp\/v2\/media\/238729"}],"wp:attachment":[{"href":"https:\/\/notinor.com\/jujuy\/wp-json\/wp\/v2\/media?parent=238728"}],"wp:term":[{"taxonomy":"category","embeddable":true,"href":"https:\/\/notinor.com\/jujuy\/wp-json\/wp\/v2\/categories?post=238728"},{"taxonomy":"post_tag","embeddable":true,"href":"https:\/\/notinor.com\/jujuy\/wp-json\/wp\/v2\/tags?post=238728"}],"curies":[{"name":"wp","href":"https:\/\/api.w.org\/{rel}","templated":true}]}}