{"id":238725,"date":"2020-05-11T15:40:12","date_gmt":"2020-05-11T18:40:12","guid":{"rendered":"https:\/\/notinor.com\/jujuy\/?p=238725"},"modified":"2020-05-11T15:40:13","modified_gmt":"2020-05-11T18:40:13","slug":"plan-piloto-de-circulacion-vehicular","status":"publish","type":"post","link":"https:\/\/notinor.com\/jujuy\/plan-piloto-de-circulacion-vehicular\/","title":{"rendered":"Plan piloto de circulaci\u00f3n vehicular"},"content":{"rendered":"\n<p> Este nuevo plan piloto de movilidad urbana y vehicular, tiene el objetivo de mejorar la seguridad de los vecinos, ya que se percibi\u00f3 un flujo importante de peatones debido a la apertura de la actividad comercial y bancaria. <\/p>\n\n\n\n<figure class=\"wp-block-image size-large\"><img decoding=\"async\" loading=\"lazy\" width=\"503\" height=\"480\" src=\"https:\/\/notinor.com\/jujuy\/wp-content\/uploads\/2020\/05\/Plan-Piloto-503x480.jpeg\" alt=\"\" class=\"wp-image-238726\" srcset=\"https:\/\/notinor.com\/jujuy\/wp-content\/uploads\/2020\/05\/Plan-Piloto-503x480.jpeg 503w, https:\/\/notinor.com\/jujuy\/wp-content\/uploads\/2020\/05\/Plan-Piloto-382x365.jpeg 382w, https:\/\/notinor.com\/jujuy\/wp-content\/uploads\/2020\/05\/Plan-Piloto.jpeg 550w\" sizes=\"(max-width: 503px) 100vw, 503px\" \/><\/figure>\n\n\n\n<p class=\"has-background has-vivid-cyan-blue-background-color\"><strong>El nuevo plan estrat\u00e9gico inici\u00f3 con buena predisposici\u00f3n de los peatones y los automovilistas de la capital. El mismo fue pensado para redistribuir la circulaci\u00f3n de veh\u00edculos en el casco c\u00e9ntrico, y la creaci\u00f3n de calles peatonales ampliadas para favorecer el lanzamiento controlado de la actividad comercial.<\/strong><\/p>\n\n\n\n<p>Este nuevo plan piloto de movilidad urbana y vehicular,\ntiene el objetivo de mejorar la seguridad de los vecinos, ya que se percibi\u00f3 un\nflujo importante de peatones debido a la apertura de la actividad comercial y\nbancaria.<\/p>\n\n\n\n<p>En esta primera etapa, contempl\u00f3 la peatonalizaci\u00f3n de las\ncalles Belgrano (desde Lavalle hasta Balcarce) y Necochea (desde Alvear a San\nMart\u00edn), generando un microcentro con gran accesibilidad a la vida comercial y\nbrindando adem\u00e1s el marco de seguridad sanitaria.<\/p>\n\n\n\n<p>Por otro lado, informaron que las \u00e1reas con circulaci\u00f3n vehicular\na media calzada y prohibici\u00f3n del estacionamiento ser\u00e1n:<\/p>\n\n\n\n<p>\u2022 Necochea entre G\u00fcemes y Alvear.<\/p>\n\n\n\n<p>\u2022 G\u00fcemes entre Balcarce y Lamadrid.<\/p>\n\n\n\n<p>\u2022 Lamadrid entre G\u00fcemes y Alvear.<\/p>\n\n\n\n<p>\u2022 G\u00fcemes entre Ram\u00edrez de Velazco y Patricias Argentinas.<\/p>\n\n\n\n<p>Estas medidas, se llevar\u00e1n a cabo de lunes a viernes, en el\nhorario de 8 a 20 horas, y los d\u00edas s\u00e1bado de 8 a 14.<\/p>\n\n\n\n<p>De la misma manera, se informa a los se\u00f1ores transportistas\nque las tareas de carga y descarga en el casco c\u00e9ntrico se realizar\u00e1n de lunes\na viernes, a partir de horas 20 hasta las 08 am del d\u00eda subsiguiente.<\/p>\n","protected":false},"excerpt":{"rendered":"<p>Este nuevo plan piloto de movilidad urbana y vehicular, tiene el objetivo de mejorar la seguridad de los vecinos, ya que se percibi\u00f3 un flujo importante de peatones debido a la apertura de la actividad comercial y bancaria. El nuevo plan estrat\u00e9gico inici\u00f3 con buena predisposici\u00f3n de los peatones y los automovilistas de la capital. [&hellip;]<\/p>\n","protected":false},"author":5,"featured_media":238726,"comment_status":"open","ping_status":"open","sticky":false,"template":"","format":"standard","meta":{"_stopmodifiedupdate":false,"_modified_date":"","inline_featured_image":false,"spay_email":"","jetpack_publicize_message":" Este nuevo plan piloto de movilidad urbana y vehicular, tiene el objetivo de mejorar la seguridad de los vecinos, ya que se percibi\u00f3 un flujo importante de peatones debido a la apertura de la actividad comercial y bancaria. "},"categories":[514],"tags":[],"jetpack_featured_media_url":"https:\/\/notinor.com\/jujuy\/wp-content\/uploads\/2020\/05\/Plan-Piloto.jpeg","jetpack_publicize_connections":[],"_links":{"self":[{"href":"https:\/\/notinor.com\/jujuy\/wp-json\/wp\/v2\/posts\/238725"}],"collection":[{"href":"https:\/\/notinor.com\/jujuy\/wp-json\/wp\/v2\/posts"}],"about":[{"href":"https:\/\/notinor.com\/jujuy\/wp-json\/wp\/v2\/types\/post"}],"author":[{"embeddable":true,"href":"https:\/\/notinor.com\/jujuy\/wp-json\/wp\/v2\/users\/5"}],"replies":[{"embeddable":true,"href":"https:\/\/notinor.com\/jujuy\/wp-json\/wp\/v2\/comments?post=238725"}],"version-history":[{"count":1,"href":"https:\/\/notinor.com\/jujuy\/wp-json\/wp\/v2\/posts\/238725\/revisions"}],"predecessor-version":[{"id":238727,"href":"https:\/\/notinor.com\/jujuy\/wp-json\/wp\/v2\/posts\/238725\/revisions\/238727"}],"wp:featuredmedia":[{"embeddable":true,"href":"https:\/\/notinor.com\/jujuy\/wp-json\/wp\/v2\/media\/238726"}],"wp:attachment":[{"href":"https:\/\/notinor.com\/jujuy\/wp-json\/wp\/v2\/media?parent=238725"}],"wp:term":[{"taxonomy":"category","embeddable":true,"href":"https:\/\/notinor.com\/jujuy\/wp-json\/wp\/v2\/categories?post=238725"},{"taxonomy":"post_tag","embeddable":true,"href":"https:\/\/notinor.com\/jujuy\/wp-json\/wp\/v2\/tags?post=238725"}],"curies":[{"name":"wp","href":"https:\/\/api.w.org\/{rel}","templated":true}]}}