{"id":238718,"date":"2020-05-11T15:33:50","date_gmt":"2020-05-11T18:33:50","guid":{"rendered":"https:\/\/notinor.com\/jujuy\/?p=238718"},"modified":"2020-05-11T15:33:52","modified_gmt":"2020-05-11T18:33:52","slug":"nuevos-horarios-de-atencion","status":"publish","type":"post","link":"https:\/\/notinor.com\/jujuy\/nuevos-horarios-de-atencion\/","title":{"rendered":"Nuevos horarios de atenci\u00f3n"},"content":{"rendered":"\n<p> En este orden, se detall\u00f3 que los domingos estar\u00e1n cerrados y los d\u00edas de apertura ser\u00e1n solamente, de lunes a s\u00e1bados. <\/p>\n\n\n\n<figure class=\"wp-block-image size-large\"><img decoding=\"async\" loading=\"lazy\" width=\"476\" height=\"480\" src=\"https:\/\/notinor.com\/jujuy\/wp-content\/uploads\/2020\/05\/Horarios-476x480.jpeg\" alt=\"\" class=\"wp-image-238722\" srcset=\"https:\/\/notinor.com\/jujuy\/wp-content\/uploads\/2020\/05\/Horarios-476x480.jpeg 476w, https:\/\/notinor.com\/jujuy\/wp-content\/uploads\/2020\/05\/Horarios-362x365.jpeg 362w, https:\/\/notinor.com\/jujuy\/wp-content\/uploads\/2020\/05\/Horarios-100x100.jpeg 100w, https:\/\/notinor.com\/jujuy\/wp-content\/uploads\/2020\/05\/Horarios.jpeg 528w\" sizes=\"(max-width: 476px) 100vw, 476px\" \/><\/figure>\n\n\n\n<p class=\"has-background has-vivid-cyan-blue-background-color\"><strong>La direcci\u00f3n de Ferias y Mercados, dependiente de la secretar\u00eda de Gobierno Municipal, inform\u00f3 que debido a la flexibilizaci\u00f3n de la cuarentena obligatoria, los mercados municipales cambiaron sus horarios para beneficiar a los vecinos. De igual manera se recuerda que la apertura se realiza bajo estrictas normas del protocolo de bioseguridad impuesto por el COE.<\/strong><\/p>\n\n\n\n<p>En este orden, se detall\u00f3 que los domingos estar\u00e1n cerrados\ny los d\u00edas de apertura ser\u00e1n solamente, de lunes a s\u00e1bados.<\/p>\n\n\n\n<p>MERCADO DE CONCENTRACI\u00d3N Y ABASTO<\/p>\n\n\n\n<p>Direcci\u00f3n: Alte. Brown esq. Rivadavia.<\/p>\n\n\n\n<p>Lunes a s\u00e1bados de 7 a 14 hs.<\/p>\n\n\n\n<p>MERCADO CENTRAL 6 DE AGOSTO<\/p>\n\n\n\n<p>Direcci\u00f3n: Alvear y Balcarce.<\/p>\n\n\n\n<p>Lunes a s\u00e1bados de 8 a 13 y de 16.30 a 19 hs.<\/p>\n\n\n\n<p>MERCADO HIP\u00d3LITO YRIGOYEN<\/p>\n\n\n\n<p>Direcci\u00f3n: Jos\u00e9 de la Iglesia y Zegada.<\/p>\n\n\n\n<p>Lunes a s\u00e1bados de 7 a 13 y de 16.30 a 19 hs.<\/p>\n\n\n\n<p>MERCADO 12 DE OCTUBRE<\/p>\n\n\n\n<p>Direcci\u00f3n: 9 de Julio.<\/p>\n\n\n\n<p>Lunes a s\u00e1bados 7 a 14 hs.<\/p>\n\n\n\n<p>MERCADO SANTA ROSA<\/p>\n\n\n\n<p>Direcci\u00f3n: Napole\u00f3n A. Soto N\u00b0 178.<\/p>\n\n\n\n<p>Lunes a s\u00e1bados 7 a 14 hs.<\/p>\n","protected":false},"excerpt":{"rendered":"<p>En este orden, se detall\u00f3 que los domingos estar\u00e1n cerrados y los d\u00edas de apertura ser\u00e1n solamente, de lunes a s\u00e1bados. La direcci\u00f3n de Ferias y Mercados, dependiente de la secretar\u00eda de Gobierno Municipal, inform\u00f3 que debido a la flexibilizaci\u00f3n de la cuarentena obligatoria, los mercados municipales cambiaron sus horarios para beneficiar a los vecinos. [&hellip;]<\/p>\n","protected":false},"author":5,"featured_media":238723,"comment_status":"open","ping_status":"open","sticky":false,"template":"","format":"standard","meta":{"_stopmodifiedupdate":false,"_modified_date":"","inline_featured_image":false,"spay_email":"","jetpack_publicize_message":" En este orden, se detall\u00f3 que los domingos estar\u00e1n cerrados y los d\u00edas de apertura ser\u00e1n solamente, de lunes a s\u00e1bados. "},"categories":[514],"tags":[],"jetpack_featured_media_url":"https:\/\/notinor.com\/jujuy\/wp-content\/uploads\/2020\/05\/MERCADOS.png","jetpack_publicize_connections":[],"_links":{"self":[{"href":"https:\/\/notinor.com\/jujuy\/wp-json\/wp\/v2\/posts\/238718"}],"collection":[{"href":"https:\/\/notinor.com\/jujuy\/wp-json\/wp\/v2\/posts"}],"about":[{"href":"https:\/\/notinor.com\/jujuy\/wp-json\/wp\/v2\/types\/post"}],"author":[{"embeddable":true,"href":"https:\/\/notinor.com\/jujuy\/wp-json\/wp\/v2\/users\/5"}],"replies":[{"embeddable":true,"href":"https:\/\/notinor.com\/jujuy\/wp-json\/wp\/v2\/comments?post=238718"}],"version-history":[{"count":1,"href":"https:\/\/notinor.com\/jujuy\/wp-json\/wp\/v2\/posts\/238718\/revisions"}],"predecessor-version":[{"id":238724,"href":"https:\/\/notinor.com\/jujuy\/wp-json\/wp\/v2\/posts\/238718\/revisions\/238724"}],"wp:featuredmedia":[{"embeddable":true,"href":"https:\/\/notinor.com\/jujuy\/wp-json\/wp\/v2\/media\/238723"}],"wp:attachment":[{"href":"https:\/\/notinor.com\/jujuy\/wp-json\/wp\/v2\/media?parent=238718"}],"wp:term":[{"taxonomy":"category","embeddable":true,"href":"https:\/\/notinor.com\/jujuy\/wp-json\/wp\/v2\/categories?post=238718"},{"taxonomy":"post_tag","embeddable":true,"href":"https:\/\/notinor.com\/jujuy\/wp-json\/wp\/v2\/tags?post=238718"}],"curies":[{"name":"wp","href":"https:\/\/api.w.org\/{rel}","templated":true}]}}